{"id":869,"date":"2024-03-07T01:22:09","date_gmt":"2024-03-07T01:22:09","guid":{"rendered":"https:\/\/museocasadelaacuarela.cl\/2024\/?p=869"},"modified":"2024-03-07T01:22:09","modified_gmt":"2024-03-07T01:22:09","slug":"exposicion-y-venta-paisajes-urgentes","status":"publish","type":"post","link":"https:\/\/museocasadelaacuarela.cl\/2024\/difusion\/exposicion-y-venta-paisajes-urgentes\/","title":{"rendered":"Exposici\u00f3n y venta \u00abPaisajes Urgentes\u00bb"},"content":{"rendered":"\n<p class=\"has-medium-font-size\">Para celebrar el D\u00eda de los Patrimonios 2023 y despu\u00e9s de casi 3 a\u00f1os la Fundaci\u00f3n Museo Casa de la Acuarela abre nuevamente sus puertas para la Exposici\u00f3n y venta de 9 destacados acuarelistas chilenos, el s\u00e1bado 27 y domingo 28 de mayo de 11:00 a 20:00 hrs.<\/p>\n\n\n\n<p class=\"has-text-align-center\">_____________________________________________________________________________________<\/p>\n\n\n<div class=\"wp-block-image\">\n<figure class=\"aligncenter size-full\"><img loading=\"lazy\" decoding=\"async\" width=\"800\" height=\"800\" src=\"https:\/\/museocasadelaacuarela.cl\/2024\/wp-content\/uploads\/2024\/03\/PORTADA-PAISAJES-URGENTES.png\" alt=\"\" class=\"wp-image-870\" srcset=\"https:\/\/museocasadelaacuarela.cl\/2024\/wp-content\/uploads\/2024\/03\/PORTADA-PAISAJES-URGENTES.png 800w, https:\/\/museocasadelaacuarela.cl\/2024\/wp-content\/uploads\/2024\/03\/PORTADA-PAISAJES-URGENTES-300x300.png 300w, https:\/\/museocasadelaacuarela.cl\/2024\/wp-content\/uploads\/2024\/03\/PORTADA-PAISAJES-URGENTES-100x100.png 100w, https:\/\/museocasadelaacuarela.cl\/2024\/wp-content\/uploads\/2024\/03\/PORTADA-PAISAJES-URGENTES-600x600.png 600w, https:\/\/museocasadelaacuarela.cl\/2024\/wp-content\/uploads\/2024\/03\/PORTADA-PAISAJES-URGENTES-150x150.png 150w, https:\/\/museocasadelaacuarela.cl\/2024\/wp-content\/uploads\/2024\/03\/PORTADA-PAISAJES-URGENTES-768x768.png 768w\" sizes=\"auto, (max-width: 800px) 100vw, 800px\" \/><\/figure>\n<\/div>\n\n\n<p><\/p>\n\n\n\n<p class=\"has-text-align-center\">_____________________________________________________________________________________<\/p>\n\n\n\n<p class=\"has-text-align-left has-medium-font-size\">Artistas:\u00a0 Paula Aguirre, Gabriela Britzmann, Mariana Bronfman, Micaelina Campos, Patricia Carre\u00f1o, Ximena Garc\u00eda, Adelaida Larra\u00edn, Ver\u00f3nica Terrazas y Juan Urrejola.<\/p>\n\n\n\n<p class=\"has-medium-font-size\">Porque los artistas quieren dar cuenta de los incre\u00edbles paisajes de nuestro territorio<strong> como un rescate urgente de nuestro entorno frente al cambio clim\u00e1tico,<\/strong> en la muestra habr\u00e1 alrededor de 200 obras en distintos formatos inspiradas en el paisaje chileno<strong>.<\/strong><\/p>\n\n\n\n<p class=\"has-medium-font-size\"><strong>La Exposici\u00f3n ser\u00e1 una fant\u00e1stica oportunidad de admirar y comprar obras en distintos formatos y soportes. <\/strong><strong>Adem\u00e1s, una ocasi\u00f3n para ayudar a recaudar fondos para el Programa de Actividades 2023 de la Fundaci\u00f3n.<\/strong><\/p>\n\n\n\n<p class=\"has-medium-font-size\">&nbsp;La direcci\u00f3n de Fundaci\u00f3n Museo Casa de la Acuarela es Estrella Solitaria # 4960, \u00d1u\u00f1oa.<\/p>\n","protected":false},"excerpt":{"rendered":"<p>Para celebrar el D\u00eda de los Patrimonios 2023 y despu\u00e9s de casi 3 a\u00f1os la Fundaci\u00f3n Museo Casa de la Acuarela abre nuevamente sus puertas para la Exposici\u00f3n y venta de 9 destacados acuarelistas chilenos, el s\u00e1bado 27 y domingo 28 de mayo de 11:00 a 20:00 hrs. _____________________________________________________________________________________ _____________________________________________________________________________________ Artistas:\u00a0 Paula Aguirre, Gabriela Britzmann, [&hellip;]<\/p>\n","protected":false},"author":1,"featured_media":870,"comment_status":"closed","ping_status":"closed","sticky":false,"template":"","format":"standard","meta":{"_uag_custom_page_level_css":"","footnotes":""},"categories":[4,7,12],"tags":[],"class_list":["post-869","post","type-post","status-publish","format-standard","has-post-thumbnail","hentry","category-difusion","category-homepage","category-post","blog-blocks-layout","blog-style-postblock","","blog-alt-odd"],"uagb_featured_image_src":{"full":["https:\/\/museocasadelaacuarela.cl\/2024\/wp-content\/uploads\/2024\/03\/PORTADA-PAISAJES-URGENTES.png",800,800,false],"thumbnail":["https:\/\/museocasadelaacuarela.cl\/2024\/wp-content\/uploads\/2024\/03\/PORTADA-PAISAJES-URGENTES-150x150.png",150,150,true],"medium":["https:\/\/museocasadelaacuarela.cl\/2024\/wp-content\/uploads\/2024\/03\/PORTADA-PAISAJES-URGENTES-300x300.png",300,300,true],"medium_large":["https:\/\/museocasadelaacuarela.cl\/2024\/wp-content\/uploads\/2024\/03\/PORTADA-PAISAJES-URGENTES-768x768.png",768,768,true],"large":["https:\/\/museocasadelaacuarela.cl\/2024\/wp-content\/uploads\/2024\/03\/PORTADA-PAISAJES-URGENTES.png",800,800,false],"1536x1536":["https:\/\/museocasadelaacuarela.cl\/2024\/wp-content\/uploads\/2024\/03\/PORTADA-PAISAJES-URGENTES.png",800,800,false],"2048x2048":["https:\/\/museocasadelaacuarela.cl\/2024\/wp-content\/uploads\/2024\/03\/PORTADA-PAISAJES-URGENTES.png",800,800,false],"nikkon_blog_img_side":["https:\/\/museocasadelaacuarela.cl\/2024\/wp-content\/uploads\/2024\/03\/PORTADA-PAISAJES-URGENTES.png",380,380,false],"nikkon_blog_img_top":["https:\/\/museocasadelaacuarela.cl\/2024\/wp-content\/uploads\/2024\/03\/PORTADA-PAISAJES-URGENTES.png",440,440,false],"woocommerce_thumbnail":["https:\/\/museocasadelaacuarela.cl\/2024\/wp-content\/uploads\/2024\/03\/PORTADA-PAISAJES-URGENTES-300x300.png",300,300,true],"woocommerce_single":["https:\/\/museocasadelaacuarela.cl\/2024\/wp-content\/uploads\/2024\/03\/PORTADA-PAISAJES-URGENTES-600x600.png",600,600,true],"woocommerce_gallery_thumbnail":["https:\/\/museocasadelaacuarela.cl\/2024\/wp-content\/uploads\/2024\/03\/PORTADA-PAISAJES-URGENTES-100x100.png",100,100,true]},"uagb_author_info":{"display_name":"admin","author_link":"https:\/\/museocasadelaacuarela.cl\/2024\/author\/admin\/"},"uagb_comment_info":0,"uagb_excerpt":"Para celebrar el D\u00eda de los Patrimonios 2023 y despu\u00e9s de casi 3 a\u00f1os la Fundaci\u00f3n Museo Casa de la Acuarela abre nuevamente sus puertas para la Exposici\u00f3n y venta de 9 destacados acuarelistas chilenos, el s\u00e1bado 27 y domingo 28 de mayo de 11:00 a 20:00 hrs. _____________________________________________________________________________________ _____________________________________________________________________________________ Artistas:\u00a0 Paula Aguirre, Gabriela Britzmann,&hellip;","_links":{"self":[{"href":"https:\/\/museocasadelaacuarela.cl\/2024\/wp-json\/wp\/v2\/posts\/869","targetHints":{"allow":["GET"]}}],"collection":[{"href":"https:\/\/museocasadelaacuarela.cl\/2024\/wp-json\/wp\/v2\/posts"}],"about":[{"href":"https:\/\/museocasadelaacuarela.cl\/2024\/wp-json\/wp\/v2\/types\/post"}],"author":[{"embeddable":true,"href":"https:\/\/museocasadelaacuarela.cl\/2024\/wp-json\/wp\/v2\/users\/1"}],"replies":[{"embeddable":true,"href":"https:\/\/museocasadelaacuarela.cl\/2024\/wp-json\/wp\/v2\/comments?post=869"}],"version-history":[{"count":0,"href":"https:\/\/museocasadelaacuarela.cl\/2024\/wp-json\/wp\/v2\/posts\/869\/revisions"}],"wp:featuredmedia":[{"embeddable":true,"href":"https:\/\/museocasadelaacuarela.cl\/2024\/wp-json\/wp\/v2\/media\/870"}],"wp:attachment":[{"href":"https:\/\/museocasadelaacuarela.cl\/2024\/wp-json\/wp\/v2\/media?parent=869"}],"wp:term":[{"taxonomy":"category","embeddable":true,"href":"https:\/\/museocasadelaacuarela.cl\/2024\/wp-json\/wp\/v2\/categories?post=869"},{"taxonomy":"post_tag","embeddable":true,"href":"https:\/\/museocasadelaacuarela.cl\/2024\/wp-json\/wp\/v2\/tags?post=869"}],"curies":[{"name":"wp","href":"https:\/\/api.w.org\/{rel}","templated":true}]}}