{"id":783,"date":"2024-03-03T21:09:46","date_gmt":"2024-03-03T21:09:46","guid":{"rendered":"https:\/\/museocasadelaacuarela.cl\/2024\/?p=783"},"modified":"2024-03-03T21:09:46","modified_gmt":"2024-03-03T21:09:46","slug":"prensa-difusion-2023","status":"publish","type":"post","link":"https:\/\/museocasadelaacuarela.cl\/2024\/prensa-y-difusion\/prensa-difusion-2023\/","title":{"rendered":"Prensa \/ Difusi\u00f3n 2023"},"content":{"rendered":"\n<ul class=\"wp-block-list\">\n<li class=\"has-medium-font-size\">D\u00eda de los Patrimonios \u00ab<strong>Paisajes Urgentes\u00bb<\/strong> Exposici\u00f3n y venta 27 y 28 de mayo. <a href=\"https:\/\/museocasadelaacuarela.cl\/wp-content\/uploads\/2023\/11\/cnn_Exposicion-y-venta.mp4\">Noticia en CNN<\/a> \/&nbsp;<a href=\"https:\/\/museocasadelaacuarela.cl\/wp-content\/uploads\/2023\/11\/cnn_Exposicion-y-venta.mp4\">Aviso<\/a><\/li>\n<\/ul>\n\n\n\n<hr class=\"wp-block-separator has-alpha-channel-opacity\"\/>\n\n\n\n<ul class=\"wp-block-list\">\n<li class=\"has-medium-font-size\">Exposici\u00f3n \u00ab<strong>Glaciers, le regard de l\u00b4eau\u00bb.<\/strong> exhibici\u00f3n en la celebraci\u00f3n de la semana de Am\u00e9rica Latina y el Caribe en Unesco, Francia.&nbsp;<a href=\"https:\/\/www.facebook.com\/story.php?story_fbid=pfbid0CGaCJQd1EWRdtxwE2CTo5tYfS9Xipa3o46DLTr6aJvySVCvumn16g7Bu6jbmEcdFl&amp;id=100000791401418&amp;sfnsn=scwspmo&amp;paipv=0&amp;eav=AfZUor15xWqB3rnstfoV2ydvUC-Idmf96K7bVZmsKTT16uPbdZ-BnR50Bk30gLBAJvM&amp;_rdr\">difusi\u00f3n en Facebook<\/a> \/&nbsp;<a href=\"https:\/\/madmagz.com\/fr\/magazine\/2063107#\/\">REVUE REF<\/a> p\u00e1g. 18<\/li>\n<\/ul>\n\n\n<div class=\"wp-block-image\">\n<figure class=\"aligncenter size-large is-resized\"><img decoding=\"async\" src=\"https:\/\/a-gueny.com\/acuarela\/wp-content\/uploads\/2024\/06\/image-2-1024x727.png\" alt=\"\" class=\"wp-image-1444\" style=\"width:654px;height:auto\"\/><\/figure>\n<\/div>\n\n<div class=\"wp-block-image\">\n<figure class=\"aligncenter size-large is-resized\"><img loading=\"lazy\" decoding=\"async\" width=\"699\" height=\"1024\" src=\"https:\/\/museocasadelaacuarela.cl\/2024\/wp-content\/uploads\/2024\/03\/image-5-699x1024.png\" alt=\"\" class=\"wp-image-784\" style=\"width:304px;height:auto\" srcset=\"https:\/\/museocasadelaacuarela.cl\/2024\/wp-content\/uploads\/2024\/03\/image-5-699x1024.png 699w, https:\/\/museocasadelaacuarela.cl\/2024\/wp-content\/uploads\/2024\/03\/image-5-600x880.png 600w, https:\/\/museocasadelaacuarela.cl\/2024\/wp-content\/uploads\/2024\/03\/image-5-205x300.png 205w, https:\/\/museocasadelaacuarela.cl\/2024\/wp-content\/uploads\/2024\/03\/image-5-768x1126.png 768w, https:\/\/museocasadelaacuarela.cl\/2024\/wp-content\/uploads\/2024\/03\/image-5-1048x1536.png 1048w, https:\/\/museocasadelaacuarela.cl\/2024\/wp-content\/uploads\/2024\/03\/image-5.png 1397w\" sizes=\"auto, (max-width: 699px) 100vw, 699px\" \/><\/figure>\n<\/div>\n\n\n<hr class=\"wp-block-separator has-alpha-channel-opacity\"\/>\n\n\n\n<ul class=\"wp-block-list\">\n<li class=\"has-medium-font-size\">Exposici\u00f3n y venta <strong>Entre Cielo y Tierra<\/strong> en la galer\u00eda Eduardo Lira del Parque Arauco.\u00a0<a href=\"https:\/\/museocasadelaacuarela.cl\/wp-content\/uploads\/2023\/11\/cnn_Exposicion-y-venta.mp4\">Invitaci\u00f3n<\/a><\/li>\n<\/ul>\n\n\n\n<hr class=\"wp-block-separator has-alpha-channel-opacity\"\/>\n\n\n\n<ul class=\"wp-embed-aspect-16-9 wp-has-aspect-ratio wp-block-list\">\n<li class=\"has-medium-font-size\">Exposici\u00f3n virtual <strong>Cordilleras de agua<\/strong>, acuarelas de Jorge Fuentes 19 de Octubre.&nbsp;<a href=\"https:\/\/www.youtube.com\/live\/2r_QgCCI4og?si=TbH2JYhKppO-8T8B\">link EXPOSICI\u00d3N VIRTUAL<\/a><\/li>\n<\/ul>\n\n\n\n<figure class=\"wp-block-embed is-type-video is-provider-youtube wp-block-embed-youtube wp-embed-aspect-16-9 wp-has-aspect-ratio\"><div class=\"wp-block-embed__wrapper\">\n<iframe loading=\"lazy\" title=\"EXPOSICI\u00d3N VIRTUAL: \u201cCORDILLERAS DE AGUA\u201d, ACUARELAS DE JORGE FUENTES DE LA CRUZ\" width=\"900\" height=\"506\" src=\"https:\/\/www.youtube.com\/embed\/2r_QgCCI4og?feature=oembed\" frameborder=\"0\" allow=\"accelerometer; autoplay; clipboard-write; encrypted-media; gyroscope; picture-in-picture; web-share\" referrerpolicy=\"strict-origin-when-cross-origin\" allowfullscreen><\/iframe>\n<\/div><\/figure>\n\n\n\n<hr class=\"wp-block-separator has-alpha-channel-opacity\"\/>\n\n\n<style>.wp-show-posts-columns#wpsp-1405 {margin-left: -2em; }.wp-show-posts-columns#wpsp-1405 .wp-show-posts-inner {margin: 0 0 2em 2em; }<\/style><section id=\"wpsp-1405\" class=\" wp-show-posts-columns wp-show-posts\" style=\"\"><article class=\" wp-show-posts-single post-1654 post type-post status-publish format-standard has-post-thumbnail hentry category-post category-proyectos-2017 blog-blocks-layout blog-style-postblock  blog-alt-odd wpsp-col-6\" itemtype=\"http:\/\/schema.org\/CreativeWork\" itemscope><div class=\"wp-show-posts-inner\" style=\"\">\t\t\t\t\t\t<div class=\"wp-show-posts-entry-summary\" itemprop=\"text\">\n\t\t\t\t\t\t\t<p>\u00abD\u00eda Mundial de la Acuarela\u00bb, demostraciones y talleres gratuitos para ni\u00f1os.<\/p>\n\t\t\t\t\t\t<\/div><!-- .entry-summary -->\n\t\t\t\t\t<\/div><!-- wp-show-posts-inner --><\/article><article class=\" wp-show-posts-single post-1650 post type-post status-publish format-standard has-post-thumbnail hentry category-proyectos-2017 blog-blocks-layout blog-style-postblock  blog-alt-even wpsp-col-6\" itemtype=\"http:\/\/schema.org\/CreativeWork\" itemscope><div class=\"wp-show-posts-inner\" style=\"\">\t\t\t\t\t\t<div class=\"wp-show-posts-entry-summary\" itemprop=\"text\">\n\t\t\t\t\t\t\t<p>Acogido a la Ley de Donaciones Culturales<\/p>\n\t\t\t\t\t\t<\/div><!-- .entry-summary -->\n\t\t\t\t\t<\/div><!-- wp-show-posts-inner --><\/article><article class=\" wp-show-posts-single post-1644 post type-post status-publish format-standard has-post-thumbnail hentry category-proyectos-2018 blog-blocks-layout blog-style-postblock  blog-alt-odd wpsp-col-6\" itemtype=\"http:\/\/schema.org\/CreativeWork\" itemscope><div class=\"wp-show-posts-inner\" style=\"\">\t\t\t\t\t\t<div class=\"wp-show-posts-entry-summary\" itemprop=\"text\">\n\t\t\t\t\t\t\t<p>En el Museo Andino de Alto Jahuel.\u00a0 Acogido a la Ley de Donaciones Culturales.<\/p>\n\t\t\t\t\t\t<\/div><!-- .entry-summary -->\n\t\t\t\t\t<\/div><!-- wp-show-posts-inner --><\/article><article class=\" wp-show-posts-single post-1642 post type-post status-publish format-standard has-post-thumbnail hentry category-proyectos-2018 blog-blocks-layout blog-style-postblock  blog-alt-even wpsp-col-6\" itemtype=\"http:\/\/schema.org\/CreativeWork\" itemscope><div class=\"wp-show-posts-inner\" style=\"\">\t\t\t\t\t\t<div class=\"wp-show-posts-entry-summary\" itemprop=\"text\">\n\t\t\t\t\t\t\t\t\t\t\t\t\t<\/div><!-- .entry-summary -->\n\t\t\t\t\t<\/div><!-- wp-show-posts-inner --><\/article><article class=\" wp-show-posts-single post-1640 post type-post status-publish format-standard has-post-thumbnail hentry category-proyectos-2018 blog-blocks-layout blog-style-postblock  blog-alt-odd wpsp-col-6\" itemtype=\"http:\/\/schema.org\/CreativeWork\" itemscope><div class=\"wp-show-posts-inner\" style=\"\">\t\t\t\t\t\t<div class=\"wp-show-posts-entry-summary\" itemprop=\"text\">\n\t\t\t\t\t\t\t\t\t\t\t\t\t<\/div><!-- .entry-summary -->\n\t\t\t\t\t<\/div><!-- wp-show-posts-inner --><\/article><article class=\" wp-show-posts-single post-1637 post type-post status-publish format-standard has-post-thumbnail hentry category-post category-proyectos-2018 blog-blocks-layout blog-style-postblock  blog-alt-even wpsp-col-6\" itemtype=\"http:\/\/schema.org\/CreativeWork\" itemscope><div class=\"wp-show-posts-inner\" style=\"\">\t\t\t\t\t\t<div class=\"wp-show-posts-entry-summary\" itemprop=\"text\">\n\t\t\t\t\t\t\t<p>\u00abD\u00eda Mundial de la Acuarela\u00bb, demostraciones y talleres gratuitos para ni\u00f1os.<\/p>\n\t\t\t\t\t\t<\/div><!-- .entry-summary -->\n\t\t\t\t\t<\/div><!-- wp-show-posts-inner --><\/article><article class=\" wp-show-posts-single post-1629 post type-post status-publish format-standard has-post-thumbnail hentry category-post category-proyectos-2018 blog-blocks-layout blog-style-postblock  blog-alt-odd wpsp-col-6\" itemtype=\"http:\/\/schema.org\/CreativeWork\" itemscope><div class=\"wp-show-posts-inner\" style=\"\">\t\t\t\t\t\t<div class=\"wp-show-posts-entry-summary\" itemprop=\"text\">\n\t\t\t\t\t\t\t\t\t\t\t\t\t<\/div><!-- .entry-summary -->\n\t\t\t\t\t<\/div><!-- wp-show-posts-inner --><\/article><article class=\" wp-show-posts-single post-1619 post type-post status-publish format-standard has-post-thumbnail hentry category-post category-proyectos-2019 blog-blocks-layout blog-style-postblock  blog-alt-even wpsp-col-6\" itemtype=\"http:\/\/schema.org\/CreativeWork\" itemscope><div class=\"wp-show-posts-inner\" style=\"\">\t\t\t\t\t\t<div class=\"wp-show-posts-entry-summary\" itemprop=\"text\">\n\t\t\t\t\t\t\t<p>Dibujos, pinturas, sus cuadernos de trabajo y documentos personales.\u00a0En el\u00a0Museo Andino de Alto Jahuel.\u00a0 Cat\u00e1logo Dinora<\/p>\n\t\t\t\t\t\t<\/div><!-- .entry-summary -->\n\t\t\t\t\t<\/div><!-- wp-show-posts-inner --><\/article><article class=\" wp-show-posts-single post-1614 post type-post status-publish format-standard has-post-thumbnail hentry category-proyectos-2019 blog-blocks-layout blog-style-postblock  blog-alt-odd wpsp-col-6\" itemtype=\"http:\/\/schema.org\/CreativeWork\" itemscope><div class=\"wp-show-posts-inner\" style=\"\">\t\t\t\t\t\t<div class=\"wp-show-posts-entry-summary\" itemprop=\"text\">\n\t\t\t\t\t\t\t<p>En la Carpa de la Ciencia del Centro de Estudios Cient\u00edficos de Valdivia. Acogido a la Ley de Donaciones Culturales Cat\u00e1logo Arquitectos<\/p>\n\t\t\t\t\t\t<\/div><!-- .entry-summary -->\n\t\t\t\t\t<\/div><!-- wp-show-posts-inner --><\/article><article class=\" wp-show-posts-single post-1599 post type-post status-publish format-standard has-post-thumbnail hentry category-proyectos-2019 blog-blocks-layout blog-style-postblock  blog-alt-even wpsp-col-6\" itemtype=\"http:\/\/schema.org\/CreativeWork\" itemscope><div class=\"wp-show-posts-inner\" style=\"\">\t\t\t\t\t\t<div class=\"wp-show-posts-entry-summary\" itemprop=\"text\">\n\t\t\t\t\t\t\t<p>Acogido a la Ley de Donaciones Culturales Cat\u00e1logo Arquitectos<\/p>\n\t\t\t\t\t\t<\/div><!-- .entry-summary -->\n\t\t\t\t\t<\/div><!-- wp-show-posts-inner --><\/article><div class=\"wpsp-clear\"><\/div><\/section><!-- .wp-show-posts -->\n","protected":false},"excerpt":{"rendered":"","protected":false},"author":1,"featured_media":784,"comment_status":"closed","ping_status":"closed","sticky":false,"template":"","format":"standard","meta":{"_uag_custom_page_level_css":"","footnotes":""},"categories":[14],"tags":[],"class_list":["post-783","post","type-post","status-publish","format-standard","has-post-thumbnail","hentry","category-prensa-y-difusion","blog-blocks-layout","blog-style-postblock","","blog-alt-odd"],"uagb_featured_image_src":{"full":["https:\/\/museocasadelaacuarela.cl\/2024\/wp-content\/uploads\/2024\/03\/image-5.png",1397,2048,false],"thumbnail":["https:\/\/museocasadelaacuarela.cl\/2024\/wp-content\/uploads\/2024\/03\/image-5-150x150.png",150,150,true],"medium":["https:\/\/museocasadelaacuarela.cl\/2024\/wp-content\/uploads\/2024\/03\/image-5-205x300.png",205,300,true],"medium_large":["https:\/\/museocasadelaacuarela.cl\/2024\/wp-content\/uploads\/2024\/03\/image-5-768x1126.png",768,1126,true],"large":["https:\/\/museocasadelaacuarela.cl\/2024\/wp-content\/uploads\/2024\/03\/image-5-699x1024.png",699,1024,true],"1536x1536":["https:\/\/museocasadelaacuarela.cl\/2024\/wp-content\/uploads\/2024\/03\/image-5-1048x1536.png",1048,1536,true],"2048x2048":["https:\/\/museocasadelaacuarela.cl\/2024\/wp-content\/uploads\/2024\/03\/image-5.png",1397,2048,false],"nikkon_blog_img_side":["https:\/\/museocasadelaacuarela.cl\/2024\/wp-content\/uploads\/2024\/03\/image-5.png",259,380,false],"nikkon_blog_img_top":["https:\/\/museocasadelaacuarela.cl\/2024\/wp-content\/uploads\/2024\/03\/image-5.png",300,440,false],"woocommerce_thumbnail":["https:\/\/museocasadelaacuarela.cl\/2024\/wp-content\/uploads\/2024\/03\/image-5-300x300.png",300,300,true],"woocommerce_single":["https:\/\/museocasadelaacuarela.cl\/2024\/wp-content\/uploads\/2024\/03\/image-5-600x880.png",600,880,true],"woocommerce_gallery_thumbnail":["https:\/\/museocasadelaacuarela.cl\/2024\/wp-content\/uploads\/2024\/03\/image-5-100x100.png",100,100,true]},"uagb_author_info":{"display_name":"admin","author_link":"https:\/\/museocasadelaacuarela.cl\/2024\/author\/admin\/"},"uagb_comment_info":0,"uagb_excerpt":null,"_links":{"self":[{"href":"https:\/\/museocasadelaacuarela.cl\/2024\/wp-json\/wp\/v2\/posts\/783","targetHints":{"allow":["GET"]}}],"collection":[{"href":"https:\/\/museocasadelaacuarela.cl\/2024\/wp-json\/wp\/v2\/posts"}],"about":[{"href":"https:\/\/museocasadelaacuarela.cl\/2024\/wp-json\/wp\/v2\/types\/post"}],"author":[{"embeddable":true,"href":"https:\/\/museocasadelaacuarela.cl\/2024\/wp-json\/wp\/v2\/users\/1"}],"replies":[{"embeddable":true,"href":"https:\/\/museocasadelaacuarela.cl\/2024\/wp-json\/wp\/v2\/comments?post=783"}],"version-history":[{"count":0,"href":"https:\/\/museocasadelaacuarela.cl\/2024\/wp-json\/wp\/v2\/posts\/783\/revisions"}],"wp:featuredmedia":[{"embeddable":true,"href":"https:\/\/museocasadelaacuarela.cl\/2024\/wp-json\/wp\/v2\/media\/784"}],"wp:attachment":[{"href":"https:\/\/museocasadelaacuarela.cl\/2024\/wp-json\/wp\/v2\/media?parent=783"}],"wp:term":[{"taxonomy":"category","embeddable":true,"href":"https:\/\/museocasadelaacuarela.cl\/2024\/wp-json\/wp\/v2\/categories?post=783"},{"taxonomy":"post_tag","embeddable":true,"href":"https:\/\/museocasadelaacuarela.cl\/2024\/wp-json\/wp\/v2\/tags?post=783"}],"curies":[{"name":"wp","href":"https:\/\/api.w.org\/{rel}","templated":true}]}}