{"id":763,"date":"2024-03-03T20:13:58","date_gmt":"2024-03-03T20:13:58","guid":{"rendered":"https:\/\/museocasadelaacuarela.cl\/2024\/?p=763"},"modified":"2024-03-03T20:13:58","modified_gmt":"2024-03-03T20:13:58","slug":"prensa-difusion-2022","status":"publish","type":"post","link":"https:\/\/museocasadelaacuarela.cl\/2024\/prensa-y-difusion\/prensa-difusion-2022\/","title":{"rendered":"Prensa \/ Difusi\u00f3n 2022"},"content":{"rendered":"\n<ul class=\"wp-block-list\">\n<li class=\"has-medium-font-size\"><strong>Conversatorio en Universidad Cat\u00f3lica de la Sant\u00edsima Concepci\u00f3n<\/strong><\/li>\n<\/ul>\n\n\n\n<figure class=\"wp-block-image size-large\"><a href=\"https:\/\/www.youtube.com\/watch?v=RdgsiBwtpds\" target=\"_blank\" rel=\"noreferrer noopener\"><img loading=\"lazy\" decoding=\"async\" width=\"1024\" height=\"578\" src=\"https:\/\/museocasadelaacuarela.cl\/2024\/wp-content\/uploads\/2024\/03\/image-4-1024x578.png\" alt=\"\" class=\"wp-image-777\" srcset=\"https:\/\/museocasadelaacuarela.cl\/2024\/wp-content\/uploads\/2024\/03\/image-4-1024x578.png 1024w, https:\/\/museocasadelaacuarela.cl\/2024\/wp-content\/uploads\/2024\/03\/image-4-600x339.png 600w, https:\/\/museocasadelaacuarela.cl\/2024\/wp-content\/uploads\/2024\/03\/image-4-300x169.png 300w, https:\/\/museocasadelaacuarela.cl\/2024\/wp-content\/uploads\/2024\/03\/image-4-768x434.png 768w, https:\/\/museocasadelaacuarela.cl\/2024\/wp-content\/uploads\/2024\/03\/image-4.png 1289w\" sizes=\"auto, (max-width: 1024px) 100vw, 1024px\" \/><\/a><\/figure>\n\n\n\n<hr class=\"wp-block-separator has-alpha-channel-opacity\"\/>\n\n\n\n<ul class=\"wp-block-list\">\n<li class=\"has-medium-font-size\">Publicaci\u00f3n<strong> \u00abItinerario de la Acuarela. Chile 250 a\u00f1os\u00bb<br><a href=\"https:\/\/www.dirac.gob.cl\/noticias\/artes-visuales\/se-lanza-publicacion-digital-itinerario-de-la-acuarela-chile-250-anos\" target=\"_blank\" rel=\"noreferrer noopener\">Noticias Dirac Lanzamiento en Francia<\/a><\/strong><\/li>\n<\/ul>\n\n\n\n<hr class=\"wp-block-separator has-alpha-channel-opacity\"\/>\n\n\n\n<ul class=\"wp-block-list\">\n<li class=\"has-medium-font-size\">Exposici\u00f3n <strong>\u201cLas Formas del Silencio\u201d.<\/strong>&nbsp;Acuarelas de Lea Kleiner.<br><strong><a href=\"https:\/\/museocasadelaacuarela.cl\/wp-content\/uploads\/2017\/03\/programa-mayo.pdf\">Programa Cultural Mayo Extensi\u00f3n Universidad de Talca<\/a><\/strong><\/li>\n<\/ul>\n\n\n\n<figure class=\"wp-block-image size-medium is-resized\"><img loading=\"lazy\" decoding=\"async\" width=\"300\" height=\"295\" src=\"https:\/\/museocasadelaacuarela.cl\/2024\/wp-content\/uploads\/2024\/03\/image-2-300x295.png\" alt=\"\" class=\"wp-image-769\" style=\"width:356px;height:auto\" srcset=\"https:\/\/museocasadelaacuarela.cl\/2024\/wp-content\/uploads\/2024\/03\/image-2-300x295.png 300w, https:\/\/museocasadelaacuarela.cl\/2024\/wp-content\/uploads\/2024\/03\/image-2-600x591.png 600w, https:\/\/museocasadelaacuarela.cl\/2024\/wp-content\/uploads\/2024\/03\/image-2-768x756.png 768w, https:\/\/museocasadelaacuarela.cl\/2024\/wp-content\/uploads\/2024\/03\/image-2.png 905w\" sizes=\"auto, (max-width: 300px) 100vw, 300px\" \/><\/figure>\n\n\n\n<hr class=\"wp-block-separator has-alpha-channel-opacity\"\/>\n\n\n\n<ul class=\"wp-block-list\">\n<li class=\"has-medium-font-size\"><strong><a href=\"https:\/\/museocasadelaacuarela.cl\/wp-content\/uploads\/2017\/03\/WhatsApp-Image-2022-06-09-at-9.38.42-AM.jpeg\">Invitaci\u00f3n conversatorio exposici\u00f3n<\/a><\/strong><\/li>\n<\/ul>\n\n\n\n<figure class=\"wp-block-image size-thumbnail is-resized\"><img loading=\"lazy\" decoding=\"async\" width=\"150\" height=\"150\" src=\"https:\/\/museocasadelaacuarela.cl\/2024\/wp-content\/uploads\/2024\/03\/image-1-150x150.png\" alt=\"\" class=\"wp-image-768\" style=\"width:366px;height:auto\" srcset=\"https:\/\/museocasadelaacuarela.cl\/2024\/wp-content\/uploads\/2024\/03\/image-1-150x150.png 150w, https:\/\/museocasadelaacuarela.cl\/2024\/wp-content\/uploads\/2024\/03\/image-1-300x300.png 300w, https:\/\/museocasadelaacuarela.cl\/2024\/wp-content\/uploads\/2024\/03\/image-1-100x100.png 100w\" sizes=\"auto, (max-width: 150px) 100vw, 150px\" \/><\/figure>\n\n\n\n<hr class=\"wp-block-separator has-alpha-channel-opacity\"\/>\n\n\n\n<ul class=\"wp-block-list\">\n<li class=\"has-medium-font-size\"><strong>Conversatorio virtual exposici\u00f3n \u00abLas Formas del Silencio\u00bb de Lea Kleiner<\/strong><\/li>\n<\/ul>\n\n\n\n<figure class=\"wp-block-embed is-type-video is-provider-youtube wp-block-embed-youtube wp-embed-aspect-16-9 wp-has-aspect-ratio\"><div class=\"wp-block-embed__wrapper\">\n<iframe loading=\"lazy\" title=\"CONVERSATORIO VIRTUAL EXPOSICI\u00d3N &quot;LAS FORMAS DEL SILENCIO&quot; DE LEA KLEINER\" width=\"900\" height=\"506\" src=\"https:\/\/www.youtube.com\/embed\/6uomjQr8sFY?feature=oembed\" frameborder=\"0\" allow=\"accelerometer; autoplay; clipboard-write; encrypted-media; gyroscope; picture-in-picture; web-share\" referrerpolicy=\"strict-origin-when-cross-origin\" allowfullscreen><\/iframe>\n<\/div><\/figure>\n\n\n\n<hr class=\"wp-block-separator has-alpha-channel-opacity\"\/>\n\n\n\n<ul class=\"wp-block-list\">\n<li class=\"has-medium-font-size\"><strong><a href=\"http:\/\/gda.com\/detalle-de-la-noticia\/?article=4610682\" target=\"_blank\" rel=\"noreferrer noopener\">El Mercurio<\/a>&nbsp;<\/strong>(15 enero 2022)<\/li>\n<\/ul>\n\n\n\n<hr class=\"wp-block-separator has-alpha-channel-opacity\"\/>\n\n\n\n<ul class=\"wp-block-list\">\n<li><strong><a href=\"https:\/\/museocasadelaacuarela.cl\/wp-content\/uploads\/2017\/03\/a1.jpg\">Invitaci\u00f3n Conversatorio Museo Nacional de Bellas Artes<\/a><\/strong><\/li>\n<\/ul>\n\n\n\n<figure class=\"wp-block-image size-medium is-resized\"><img loading=\"lazy\" decoding=\"async\" width=\"300\" height=\"300\" src=\"https:\/\/museocasadelaacuarela.cl\/2024\/wp-content\/uploads\/2024\/03\/image-3-300x300.png\" alt=\"\" class=\"wp-image-774\" style=\"width:383px;height:auto\" srcset=\"https:\/\/museocasadelaacuarela.cl\/2024\/wp-content\/uploads\/2024\/03\/image-3-300x300.png 300w, https:\/\/museocasadelaacuarela.cl\/2024\/wp-content\/uploads\/2024\/03\/image-3-100x100.png 100w, https:\/\/museocasadelaacuarela.cl\/2024\/wp-content\/uploads\/2024\/03\/image-3-600x600.png 600w, https:\/\/museocasadelaacuarela.cl\/2024\/wp-content\/uploads\/2024\/03\/image-3-1024x1024.png 1024w, https:\/\/museocasadelaacuarela.cl\/2024\/wp-content\/uploads\/2024\/03\/image-3-150x150.png 150w, https:\/\/museocasadelaacuarela.cl\/2024\/wp-content\/uploads\/2024\/03\/image-3-768x768.png 768w, https:\/\/museocasadelaacuarela.cl\/2024\/wp-content\/uploads\/2024\/03\/image-3.png 1081w\" sizes=\"auto, (max-width: 300px) 100vw, 300px\" \/><\/figure>\n\n\n\n<hr class=\"wp-block-separator has-alpha-channel-opacity\"\/>\n\n\n\n<ul class=\"wp-block-list\">\n<li><strong><a href=\"https:\/\/youtu.be\/fCkOqt78AucHaz\">Conversatorio Centro de Extensi\u00f3n Universidad de Talca<\/a><\/strong><\/li>\n<\/ul>\n\n\n\n<figure class=\"wp-block-embed aligncenter is-type-video is-provider-youtube wp-block-embed-youtube wp-embed-aspect-16-9 wp-has-aspect-ratio\"><div class=\"wp-block-embed__wrapper\">\n<iframe loading=\"lazy\" title=\"CONVERSATORIO ITINERARIO DE LA ACUARELA ENCHILE: 250 A\u00d1OS\" width=\"900\" height=\"506\" src=\"https:\/\/www.youtube.com\/embed\/fCkOqt78Auc?feature=oembed\" frameborder=\"0\" allow=\"accelerometer; autoplay; clipboard-write; encrypted-media; gyroscope; picture-in-picture; web-share\" referrerpolicy=\"strict-origin-when-cross-origin\" allowfullscreen><\/iframe>\n<\/div><\/figure>\n\n\n\n<hr class=\"wp-block-separator has-alpha-channel-opacity\"\/>\n\n\n\n<ul class=\"wp-block-list\">\n<li><strong><a href=\"https:\/\/semaineameriquelatinecaraibes.fr\/Lancement-de-la-publication-numerique-Itinerario-de-la-Acuarela-Chile-250-anos\">Lanzamiento mundial de la publicaci\u00f3n digital en&nbsp;Francia<\/a>&nbsp;<\/strong>(2 de junio)<\/li>\n<\/ul>\n\n\n\n<hr class=\"wp-block-separator has-alpha-channel-opacity\"\/>\n\n\n<style>.wp-show-posts-columns#wpsp-1405 {margin-left: -2em; }.wp-show-posts-columns#wpsp-1405 .wp-show-posts-inner {margin: 0 0 2em 2em; }<\/style><section id=\"wpsp-1405\" class=\" wp-show-posts-columns wp-show-posts\" style=\"\"><article class=\" wp-show-posts-single post-1654 post type-post status-publish format-standard has-post-thumbnail hentry category-post category-proyectos-2017 blog-blocks-layout blog-style-postblock  blog-alt-odd wpsp-col-6\" itemtype=\"http:\/\/schema.org\/CreativeWork\" itemscope><div class=\"wp-show-posts-inner\" style=\"\">\t\t\t\t\t\t<div class=\"wp-show-posts-entry-summary\" itemprop=\"text\">\n\t\t\t\t\t\t\t<p>\u00abD\u00eda Mundial de la Acuarela\u00bb, demostraciones y talleres gratuitos para ni\u00f1os.<\/p>\n\t\t\t\t\t\t<\/div><!-- .entry-summary -->\n\t\t\t\t\t<\/div><!-- wp-show-posts-inner --><\/article><article class=\" wp-show-posts-single post-1650 post type-post status-publish format-standard has-post-thumbnail hentry category-proyectos-2017 blog-blocks-layout blog-style-postblock  blog-alt-even wpsp-col-6\" itemtype=\"http:\/\/schema.org\/CreativeWork\" itemscope><div class=\"wp-show-posts-inner\" style=\"\">\t\t\t\t\t\t<div class=\"wp-show-posts-entry-summary\" itemprop=\"text\">\n\t\t\t\t\t\t\t<p>Acogido a la Ley de Donaciones Culturales<\/p>\n\t\t\t\t\t\t<\/div><!-- .entry-summary -->\n\t\t\t\t\t<\/div><!-- wp-show-posts-inner --><\/article><article class=\" wp-show-posts-single post-1644 post type-post status-publish format-standard has-post-thumbnail hentry category-proyectos-2018 blog-blocks-layout blog-style-postblock  blog-alt-odd wpsp-col-6\" itemtype=\"http:\/\/schema.org\/CreativeWork\" itemscope><div class=\"wp-show-posts-inner\" style=\"\">\t\t\t\t\t\t<div class=\"wp-show-posts-entry-summary\" itemprop=\"text\">\n\t\t\t\t\t\t\t<p>En el Museo Andino de Alto Jahuel.\u00a0 Acogido a la Ley de Donaciones Culturales.<\/p>\n\t\t\t\t\t\t<\/div><!-- .entry-summary -->\n\t\t\t\t\t<\/div><!-- wp-show-posts-inner --><\/article><article class=\" wp-show-posts-single post-1642 post type-post status-publish format-standard has-post-thumbnail hentry category-proyectos-2018 blog-blocks-layout blog-style-postblock  blog-alt-even wpsp-col-6\" itemtype=\"http:\/\/schema.org\/CreativeWork\" itemscope><div class=\"wp-show-posts-inner\" style=\"\">\t\t\t\t\t\t<div class=\"wp-show-posts-entry-summary\" itemprop=\"text\">\n\t\t\t\t\t\t\t\t\t\t\t\t\t<\/div><!-- .entry-summary -->\n\t\t\t\t\t<\/div><!-- wp-show-posts-inner --><\/article><article class=\" wp-show-posts-single post-1640 post type-post status-publish format-standard has-post-thumbnail hentry category-proyectos-2018 blog-blocks-layout blog-style-postblock  blog-alt-odd wpsp-col-6\" itemtype=\"http:\/\/schema.org\/CreativeWork\" itemscope><div class=\"wp-show-posts-inner\" style=\"\">\t\t\t\t\t\t<div class=\"wp-show-posts-entry-summary\" itemprop=\"text\">\n\t\t\t\t\t\t\t\t\t\t\t\t\t<\/div><!-- .entry-summary -->\n\t\t\t\t\t<\/div><!-- wp-show-posts-inner --><\/article><article class=\" wp-show-posts-single post-1637 post type-post status-publish format-standard has-post-thumbnail hentry category-post category-proyectos-2018 blog-blocks-layout blog-style-postblock  blog-alt-even wpsp-col-6\" itemtype=\"http:\/\/schema.org\/CreativeWork\" itemscope><div class=\"wp-show-posts-inner\" style=\"\">\t\t\t\t\t\t<div class=\"wp-show-posts-entry-summary\" itemprop=\"text\">\n\t\t\t\t\t\t\t<p>\u00abD\u00eda Mundial de la Acuarela\u00bb, demostraciones y talleres gratuitos para ni\u00f1os.<\/p>\n\t\t\t\t\t\t<\/div><!-- .entry-summary -->\n\t\t\t\t\t<\/div><!-- wp-show-posts-inner --><\/article><article class=\" wp-show-posts-single post-1629 post type-post status-publish format-standard has-post-thumbnail hentry category-post category-proyectos-2018 blog-blocks-layout blog-style-postblock  blog-alt-odd wpsp-col-6\" itemtype=\"http:\/\/schema.org\/CreativeWork\" itemscope><div class=\"wp-show-posts-inner\" style=\"\">\t\t\t\t\t\t<div class=\"wp-show-posts-entry-summary\" itemprop=\"text\">\n\t\t\t\t\t\t\t\t\t\t\t\t\t<\/div><!-- .entry-summary -->\n\t\t\t\t\t<\/div><!-- wp-show-posts-inner --><\/article><article class=\" wp-show-posts-single post-1619 post type-post status-publish format-standard has-post-thumbnail hentry category-post category-proyectos-2019 blog-blocks-layout blog-style-postblock  blog-alt-even wpsp-col-6\" itemtype=\"http:\/\/schema.org\/CreativeWork\" itemscope><div class=\"wp-show-posts-inner\" style=\"\">\t\t\t\t\t\t<div class=\"wp-show-posts-entry-summary\" itemprop=\"text\">\n\t\t\t\t\t\t\t<p>Dibujos, pinturas, sus cuadernos de trabajo y documentos personales.\u00a0En el\u00a0Museo Andino de Alto Jahuel.\u00a0 Cat\u00e1logo Dinora<\/p>\n\t\t\t\t\t\t<\/div><!-- .entry-summary -->\n\t\t\t\t\t<\/div><!-- wp-show-posts-inner --><\/article><article class=\" wp-show-posts-single post-1614 post type-post status-publish format-standard has-post-thumbnail hentry category-proyectos-2019 blog-blocks-layout blog-style-postblock  blog-alt-odd wpsp-col-6\" itemtype=\"http:\/\/schema.org\/CreativeWork\" itemscope><div class=\"wp-show-posts-inner\" style=\"\">\t\t\t\t\t\t<div class=\"wp-show-posts-entry-summary\" itemprop=\"text\">\n\t\t\t\t\t\t\t<p>En la Carpa de la Ciencia del Centro de Estudios Cient\u00edficos de Valdivia. Acogido a la Ley de Donaciones Culturales Cat\u00e1logo Arquitectos<\/p>\n\t\t\t\t\t\t<\/div><!-- .entry-summary -->\n\t\t\t\t\t<\/div><!-- wp-show-posts-inner --><\/article><article class=\" wp-show-posts-single post-1599 post type-post status-publish format-standard has-post-thumbnail hentry category-proyectos-2019 blog-blocks-layout blog-style-postblock  blog-alt-even wpsp-col-6\" itemtype=\"http:\/\/schema.org\/CreativeWork\" itemscope><div class=\"wp-show-posts-inner\" style=\"\">\t\t\t\t\t\t<div class=\"wp-show-posts-entry-summary\" itemprop=\"text\">\n\t\t\t\t\t\t\t<p>Acogido a la Ley de Donaciones Culturales Cat\u00e1logo Arquitectos<\/p>\n\t\t\t\t\t\t<\/div><!-- .entry-summary -->\n\t\t\t\t\t<\/div><!-- wp-show-posts-inner --><\/article><div class=\"wpsp-clear\"><\/div><\/section><!-- .wp-show-posts -->\n","protected":false},"excerpt":{"rendered":"","protected":false},"author":1,"featured_media":637,"comment_status":"closed","ping_status":"closed","sticky":false,"template":"","format":"standard","meta":{"_uag_custom_page_level_css":"","footnotes":""},"categories":[14],"tags":[],"class_list":["post-763","post","type-post","status-publish","format-standard","has-post-thumbnail","hentry","category-prensa-y-difusion","blog-blocks-layout","blog-style-postblock","","blog-alt-odd"],"uagb_featured_image_src":{"full":["https:\/\/museocasadelaacuarela.cl\/2024\/wp-content\/uploads\/2024\/02\/Lea-Kleiner.-Anunciando-la-lluvia-2012-acuarela-sobre-papel-50-x-70-cm.-Coleccion-particular-1.jpg",800,573,false],"thumbnail":["https:\/\/museocasadelaacuarela.cl\/2024\/wp-content\/uploads\/2024\/02\/Lea-Kleiner.-Anunciando-la-lluvia-2012-acuarela-sobre-papel-50-x-70-cm.-Coleccion-particular-1-150x150.jpg",150,150,true],"medium":["https:\/\/museocasadelaacuarela.cl\/2024\/wp-content\/uploads\/2024\/02\/Lea-Kleiner.-Anunciando-la-lluvia-2012-acuarela-sobre-papel-50-x-70-cm.-Coleccion-particular-1-300x215.jpg",300,215,true],"medium_large":["https:\/\/museocasadelaacuarela.cl\/2024\/wp-content\/uploads\/2024\/02\/Lea-Kleiner.-Anunciando-la-lluvia-2012-acuarela-sobre-papel-50-x-70-cm.-Coleccion-particular-1-768x550.jpg",768,550,true],"large":["https:\/\/museocasadelaacuarela.cl\/2024\/wp-content\/uploads\/2024\/02\/Lea-Kleiner.-Anunciando-la-lluvia-2012-acuarela-sobre-papel-50-x-70-cm.-Coleccion-particular-1.jpg",800,573,false],"1536x1536":["https:\/\/museocasadelaacuarela.cl\/2024\/wp-content\/uploads\/2024\/02\/Lea-Kleiner.-Anunciando-la-lluvia-2012-acuarela-sobre-papel-50-x-70-cm.-Coleccion-particular-1.jpg",800,573,false],"2048x2048":["https:\/\/museocasadelaacuarela.cl\/2024\/wp-content\/uploads\/2024\/02\/Lea-Kleiner.-Anunciando-la-lluvia-2012-acuarela-sobre-papel-50-x-70-cm.-Coleccion-particular-1.jpg",800,573,false],"nikkon_blog_img_side":["https:\/\/museocasadelaacuarela.cl\/2024\/wp-content\/uploads\/2024\/02\/Lea-Kleiner.-Anunciando-la-lluvia-2012-acuarela-sobre-papel-50-x-70-cm.-Coleccion-particular-1.jpg",500,358,false],"nikkon_blog_img_top":["https:\/\/museocasadelaacuarela.cl\/2024\/wp-content\/uploads\/2024\/02\/Lea-Kleiner.-Anunciando-la-lluvia-2012-acuarela-sobre-papel-50-x-70-cm.-Coleccion-particular-1.jpg",614,440,false],"woocommerce_thumbnail":["https:\/\/museocasadelaacuarela.cl\/2024\/wp-content\/uploads\/2024\/02\/Lea-Kleiner.-Anunciando-la-lluvia-2012-acuarela-sobre-papel-50-x-70-cm.-Coleccion-particular-1-300x300.jpg",300,300,true],"woocommerce_single":["https:\/\/museocasadelaacuarela.cl\/2024\/wp-content\/uploads\/2024\/02\/Lea-Kleiner.-Anunciando-la-lluvia-2012-acuarela-sobre-papel-50-x-70-cm.-Coleccion-particular-1-600x430.jpg",600,430,true],"woocommerce_gallery_thumbnail":["https:\/\/museocasadelaacuarela.cl\/2024\/wp-content\/uploads\/2024\/02\/Lea-Kleiner.-Anunciando-la-lluvia-2012-acuarela-sobre-papel-50-x-70-cm.-Coleccion-particular-1-100x100.jpg",100,100,true]},"uagb_author_info":{"display_name":"admin","author_link":"https:\/\/museocasadelaacuarela.cl\/2024\/author\/admin\/"},"uagb_comment_info":0,"uagb_excerpt":null,"_links":{"self":[{"href":"https:\/\/museocasadelaacuarela.cl\/2024\/wp-json\/wp\/v2\/posts\/763","targetHints":{"allow":["GET"]}}],"collection":[{"href":"https:\/\/museocasadelaacuarela.cl\/2024\/wp-json\/wp\/v2\/posts"}],"about":[{"href":"https:\/\/museocasadelaacuarela.cl\/2024\/wp-json\/wp\/v2\/types\/post"}],"author":[{"embeddable":true,"href":"https:\/\/museocasadelaacuarela.cl\/2024\/wp-json\/wp\/v2\/users\/1"}],"replies":[{"embeddable":true,"href":"https:\/\/museocasadelaacuarela.cl\/2024\/wp-json\/wp\/v2\/comments?post=763"}],"version-history":[{"count":0,"href":"https:\/\/museocasadelaacuarela.cl\/2024\/wp-json\/wp\/v2\/posts\/763\/revisions"}],"wp:featuredmedia":[{"embeddable":true,"href":"https:\/\/museocasadelaacuarela.cl\/2024\/wp-json\/wp\/v2\/media\/637"}],"wp:attachment":[{"href":"https:\/\/museocasadelaacuarela.cl\/2024\/wp-json\/wp\/v2\/media?parent=763"}],"wp:term":[{"taxonomy":"category","embeddable":true,"href":"https:\/\/museocasadelaacuarela.cl\/2024\/wp-json\/wp\/v2\/categories?post=763"},{"taxonomy":"post_tag","embeddable":true,"href":"https:\/\/museocasadelaacuarela.cl\/2024\/wp-json\/wp\/v2\/tags?post=763"}],"curies":[{"name":"wp","href":"https:\/\/api.w.org\/{rel}","templated":true}]}}