{"id":575,"date":"2024-02-26T20:51:18","date_gmt":"2024-02-26T20:51:18","guid":{"rendered":"https:\/\/museocasadelaacuarela.cl\/2024\/?p=575"},"modified":"2024-02-26T20:51:18","modified_gmt":"2024-02-26T20:51:18","slug":"dora-aguila","status":"publish","type":"post","link":"https:\/\/museocasadelaacuarela.cl\/2024\/acuarelistas-chilenos-contemporaneos\/dora-aguila\/","title":{"rendered":"Dora \u00c1guila"},"content":{"rendered":"<div class=\"wp-block-image\">\n<figure data-wp-context=\"{&quot;imageId&quot;:&quot;69f3ef25d672a&quot;}\" data-wp-interactive=\"core\/image\" data-wp-key=\"69f3ef25d672a\" class=\"aligncenter size-full wp-lightbox-container\"><img decoding=\"async\" data-wp-class--hide=\"state.isContentHidden\" data-wp-class--show=\"state.isContentVisible\" data-wp-init=\"callbacks.setButtonStyles\" data-wp-on--click=\"actions.showLightbox\" data-wp-on--load=\"callbacks.setButtonStyles\" data-wp-on-window--resize=\"callbacks.setButtonStyles\" src=\"https:\/\/museocasadelaacuarela.cl\/2024\/wp-content\/uploads\/2024\/02\/DORA-AGUILA-02-scaled.jpeg\" alt=\"\" class=\"wp-image-576\"\/><button\n\t\t\tclass=\"lightbox-trigger\"\n\t\t\ttype=\"button\"\n\t\t\taria-haspopup=\"dialog\"\n\t\t\taria-label=\"Agrandar\"\n\t\t\tdata-wp-init=\"callbacks.initTriggerButton\"\n\t\t\tdata-wp-on--click=\"actions.showLightbox\"\n\t\t\tdata-wp-style--right=\"state.imageButtonRight\"\n\t\t\tdata-wp-style--top=\"state.imageButtonTop\"\n\t\t>\n\t\t\t<svg xmlns=\"http:\/\/www.w3.org\/2000\/svg\" width=\"12\" height=\"12\" fill=\"none\" viewBox=\"0 0 12 12\">\n\t\t\t\t<path fill=\"#fff\" d=\"M2 0a2 2 0 0 0-2 2v2h1.5V2a.5.5 0 0 1 .5-.5h2V0H2Zm2 10.5H2a.5.5 0 0 1-.5-.5V8H0v2a2 2 0 0 0 2 2h2v-1.5ZM8 12v-1.5h2a.5.5 0 0 0 .5-.5V8H12v2a2 2 0 0 1-2 2H8Zm2-12a2 2 0 0 1 2 2v2h-1.5V2a.5.5 0 0 0-.5-.5H8V0h2Z\" \/>\n\t\t\t<\/svg>\n\t\t<\/button><\/figure>\n<\/div>\n\n\n<p><\/p>\n\n\n\n<p class=\"has-text-align-center\">Dora \u00c1guila. Sortilegio. Acuarela sobre papel 28,5 x 38 cm. Donaci\u00f3n de la artista.<\/p>\n\n\n\n<p><\/p>\n\n\n<div class=\"wp-block-image\">\n<figure data-wp-context=\"{&quot;imageId&quot;:&quot;69f3ef25d6da2&quot;}\" data-wp-interactive=\"core\/image\" data-wp-key=\"69f3ef25d6da2\" class=\"aligncenter size-full wp-lightbox-container\"><img decoding=\"async\" data-wp-class--hide=\"state.isContentHidden\" data-wp-class--show=\"state.isContentVisible\" data-wp-init=\"callbacks.setButtonStyles\" data-wp-on--click=\"actions.showLightbox\" data-wp-on--load=\"callbacks.setButtonStyles\" data-wp-on-window--resize=\"callbacks.setButtonStyles\" src=\"https:\/\/museocasadelaacuarela.cl\/2024\/wp-content\/uploads\/2024\/02\/DORA-AGUILA-01-scaled.jpeg\" alt=\"\" class=\"wp-image-579\"\/><button\n\t\t\tclass=\"lightbox-trigger\"\n\t\t\ttype=\"button\"\n\t\t\taria-haspopup=\"dialog\"\n\t\t\taria-label=\"Agrandar\"\n\t\t\tdata-wp-init=\"callbacks.initTriggerButton\"\n\t\t\tdata-wp-on--click=\"actions.showLightbox\"\n\t\t\tdata-wp-style--right=\"state.imageButtonRight\"\n\t\t\tdata-wp-style--top=\"state.imageButtonTop\"\n\t\t>\n\t\t\t<svg xmlns=\"http:\/\/www.w3.org\/2000\/svg\" width=\"12\" height=\"12\" fill=\"none\" viewBox=\"0 0 12 12\">\n\t\t\t\t<path fill=\"#fff\" d=\"M2 0a2 2 0 0 0-2 2v2h1.5V2a.5.5 0 0 1 .5-.5h2V0H2Zm2 10.5H2a.5.5 0 0 1-.5-.5V8H0v2a2 2 0 0 0 2 2h2v-1.5ZM8 12v-1.5h2a.5.5 0 0 0 .5-.5V8H12v2a2 2 0 0 1-2 2H8Zm2-12a2 2 0 0 1 2 2v2h-1.5V2a.5.5 0 0 0-.5-.5H8V0h2Z\" \/>\n\t\t\t<\/svg>\n\t\t<\/button><\/figure>\n<\/div>\n\n\n<p><\/p>\n\n\n\n<p class=\"has-text-align-center\">Dora \u00c1guila. Amapola. Acuarela sobre seda 32 x 26,5 cm. Donaci\u00f3n de la artista.<\/p>\n\n\n\n<p><\/p>\n\n\n\n<p class=\"has-text-align-center\">___________________________________________<\/p>\n\n\n<style>.wp-show-posts-columns#wpsp-807 {margin-left: -2em; }.wp-show-posts-columns#wpsp-807 .wp-show-posts-inner {margin: 0 0 2em 2em; }<\/style><section id=\"wpsp-807\" class=\" wp-show-posts-columns wp-show-posts\" style=\"\"><article class=\" wp-show-posts-single post-1654 post type-post status-publish format-standard has-post-thumbnail hentry category-post category-proyectos-2017 blog-blocks-layout blog-style-postblock  blog-alt-odd wpsp-col-6\" itemtype=\"http:\/\/schema.org\/CreativeWork\" itemscope><div class=\"wp-show-posts-inner\" style=\"\">\t\t\t\t\t\t<div class=\"wp-show-posts-entry-summary\" itemprop=\"text\">\n\t\t\t\t\t\t\t<p>\u00abD\u00eda Mundial de la Acuarela\u00bb, demostraciones y talleres gratuitos para ni\u00f1os.<\/p>\n\t\t\t\t\t\t<\/div><!-- .entry-summary -->\n\t\t\t\t\t<\/div><!-- wp-show-posts-inner --><\/article><article class=\" wp-show-posts-single post-1650 post type-post status-publish format-standard has-post-thumbnail hentry category-proyectos-2017 blog-blocks-layout blog-style-postblock  blog-alt-even wpsp-col-6\" itemtype=\"http:\/\/schema.org\/CreativeWork\" itemscope><div class=\"wp-show-posts-inner\" style=\"\">\t\t\t\t\t\t<div class=\"wp-show-posts-entry-summary\" itemprop=\"text\">\n\t\t\t\t\t\t\t<p>Acogido a la Ley de Donaciones Culturales<\/p>\n\t\t\t\t\t\t<\/div><!-- .entry-summary -->\n\t\t\t\t\t<\/div><!-- wp-show-posts-inner --><\/article><article class=\" wp-show-posts-single post-1644 post type-post status-publish format-standard has-post-thumbnail hentry category-proyectos-2018 blog-blocks-layout blog-style-postblock  blog-alt-odd wpsp-col-6\" itemtype=\"http:\/\/schema.org\/CreativeWork\" itemscope><div class=\"wp-show-posts-inner\" style=\"\">\t\t\t\t\t\t<div class=\"wp-show-posts-entry-summary\" itemprop=\"text\">\n\t\t\t\t\t\t\t<p>En el Museo Andino de Alto Jahuel.\u00a0 Acogido a la Ley de Donaciones Culturales.<\/p>\n\t\t\t\t\t\t<\/div><!-- .entry-summary -->\n\t\t\t\t\t<\/div><!-- wp-show-posts-inner --><\/article><article class=\" wp-show-posts-single post-1642 post type-post status-publish format-standard has-post-thumbnail hentry category-proyectos-2018 blog-blocks-layout blog-style-postblock  blog-alt-even wpsp-col-6\" itemtype=\"http:\/\/schema.org\/CreativeWork\" itemscope><div class=\"wp-show-posts-inner\" style=\"\">\t\t\t\t\t\t<div class=\"wp-show-posts-entry-summary\" itemprop=\"text\">\n\t\t\t\t\t\t\t\t\t\t\t\t\t<\/div><!-- .entry-summary -->\n\t\t\t\t\t<\/div><!-- wp-show-posts-inner --><\/article><article class=\" wp-show-posts-single post-1640 post type-post status-publish format-standard has-post-thumbnail hentry category-proyectos-2018 blog-blocks-layout blog-style-postblock  blog-alt-odd wpsp-col-6\" itemtype=\"http:\/\/schema.org\/CreativeWork\" itemscope><div class=\"wp-show-posts-inner\" style=\"\">\t\t\t\t\t\t<div class=\"wp-show-posts-entry-summary\" itemprop=\"text\">\n\t\t\t\t\t\t\t\t\t\t\t\t\t<\/div><!-- .entry-summary -->\n\t\t\t\t\t<\/div><!-- wp-show-posts-inner --><\/article><article class=\" wp-show-posts-single post-1637 post type-post status-publish format-standard has-post-thumbnail hentry category-post category-proyectos-2018 blog-blocks-layout blog-style-postblock  blog-alt-even wpsp-col-6\" itemtype=\"http:\/\/schema.org\/CreativeWork\" itemscope><div class=\"wp-show-posts-inner\" style=\"\">\t\t\t\t\t\t<div class=\"wp-show-posts-entry-summary\" itemprop=\"text\">\n\t\t\t\t\t\t\t<p>\u00abD\u00eda Mundial de la Acuarela\u00bb, demostraciones y talleres gratuitos para ni\u00f1os.<\/p>\n\t\t\t\t\t\t<\/div><!-- .entry-summary -->\n\t\t\t\t\t<\/div><!-- wp-show-posts-inner --><\/article><article class=\" wp-show-posts-single post-1629 post type-post status-publish format-standard has-post-thumbnail hentry category-post category-proyectos-2018 blog-blocks-layout blog-style-postblock  blog-alt-odd wpsp-col-6\" itemtype=\"http:\/\/schema.org\/CreativeWork\" itemscope><div class=\"wp-show-posts-inner\" style=\"\">\t\t\t\t\t\t<div class=\"wp-show-posts-entry-summary\" itemprop=\"text\">\n\t\t\t\t\t\t\t\t\t\t\t\t\t<\/div><!-- .entry-summary -->\n\t\t\t\t\t<\/div><!-- wp-show-posts-inner --><\/article><article class=\" wp-show-posts-single post-1619 post type-post status-publish format-standard has-post-thumbnail hentry category-post category-proyectos-2019 blog-blocks-layout blog-style-postblock  blog-alt-even wpsp-col-6\" itemtype=\"http:\/\/schema.org\/CreativeWork\" itemscope><div class=\"wp-show-posts-inner\" style=\"\">\t\t\t\t\t\t<div class=\"wp-show-posts-entry-summary\" itemprop=\"text\">\n\t\t\t\t\t\t\t<p>Dibujos, pinturas, sus cuadernos de trabajo y documentos personales.\u00a0En el\u00a0Museo Andino de Alto Jahuel.\u00a0 Cat\u00e1logo Dinora<\/p>\n\t\t\t\t\t\t<\/div><!-- .entry-summary -->\n\t\t\t\t\t<\/div><!-- wp-show-posts-inner --><\/article><article class=\" wp-show-posts-single post-1614 post type-post status-publish format-standard has-post-thumbnail hentry category-proyectos-2019 blog-blocks-layout blog-style-postblock  blog-alt-odd wpsp-col-6\" itemtype=\"http:\/\/schema.org\/CreativeWork\" itemscope><div class=\"wp-show-posts-inner\" style=\"\">\t\t\t\t\t\t<div class=\"wp-show-posts-entry-summary\" itemprop=\"text\">\n\t\t\t\t\t\t\t<p>En la Carpa de la Ciencia del Centro de Estudios Cient\u00edficos de Valdivia. Acogido a la Ley de Donaciones Culturales Cat\u00e1logo Arquitectos<\/p>\n\t\t\t\t\t\t<\/div><!-- .entry-summary -->\n\t\t\t\t\t<\/div><!-- wp-show-posts-inner --><\/article><article class=\" wp-show-posts-single post-1599 post type-post status-publish format-standard has-post-thumbnail hentry category-proyectos-2019 blog-blocks-layout blog-style-postblock  blog-alt-even wpsp-col-6\" itemtype=\"http:\/\/schema.org\/CreativeWork\" itemscope><div class=\"wp-show-posts-inner\" style=\"\">\t\t\t\t\t\t<div class=\"wp-show-posts-entry-summary\" itemprop=\"text\">\n\t\t\t\t\t\t\t<p>Acogido a la Ley de Donaciones Culturales Cat\u00e1logo Arquitectos<\/p>\n\t\t\t\t\t\t<\/div><!-- .entry-summary -->\n\t\t\t\t\t<\/div><!-- wp-show-posts-inner --><\/article><div class=\"wpsp-clear\"><\/div><\/section><!-- .wp-show-posts -->\n\n\n\n<p><\/p>\n\n\n\n<p><\/p>\n\n\n\n<p><\/p>\n\n\n\n<p><\/p>\n\n\n\n<p><\/p>\n\n\n\n<p><\/p>\n\n\n\n<p><\/p>\n","protected":false},"excerpt":{"rendered":"<p>Dora \u00c1guila. Sortilegio. Acuarela sobre papel 28,5 x 38 cm. Donaci\u00f3n de la artista. Dora \u00c1guila. Amapola. Acuarela sobre seda 32 x 26,5 cm. Donaci\u00f3n de la artista. ___________________________________________<\/p>\n","protected":false},"author":1,"featured_media":576,"comment_status":"closed","ping_status":"closed","sticky":false,"template":"","format":"standard","meta":{"_uag_custom_page_level_css":"","footnotes":""},"categories":[2,5],"tags":[],"class_list":["post-575","post","type-post","status-publish","format-standard","has-post-thumbnail","hentry","category-acuarelistas-chilenos-contemporaneos","category-galeria","blog-blocks-layout","blog-style-postblock","","blog-alt-odd"],"uagb_featured_image_src":{"full":["https:\/\/museocasadelaacuarela.cl\/2024\/wp-content\/uploads\/2024\/02\/DORA-AGUILA-02-scaled-1.jpeg",2105,2560,false],"thumbnail":["https:\/\/museocasadelaacuarela.cl\/2024\/wp-content\/uploads\/2024\/02\/DORA-AGUILA-02-scaled-1-150x150.jpeg",150,150,true],"medium":["https:\/\/museocasadelaacuarela.cl\/2024\/wp-content\/uploads\/2024\/02\/DORA-AGUILA-02-scaled-1-247x300.jpeg",247,300,true],"medium_large":["https:\/\/museocasadelaacuarela.cl\/2024\/wp-content\/uploads\/2024\/02\/DORA-AGUILA-02-scaled-1-768x934.jpeg",768,934,true],"large":["https:\/\/museocasadelaacuarela.cl\/2024\/wp-content\/uploads\/2024\/02\/DORA-AGUILA-02-scaled-1-842x1024.jpeg",842,1024,true],"1536x1536":["https:\/\/museocasadelaacuarela.cl\/2024\/wp-content\/uploads\/2024\/02\/DORA-AGUILA-02-scaled-1-1263x1536.jpeg",1263,1536,true],"2048x2048":["https:\/\/museocasadelaacuarela.cl\/2024\/wp-content\/uploads\/2024\/02\/DORA-AGUILA-02-scaled-1-1684x2048.jpeg",1684,2048,true],"nikkon_blog_img_side":["https:\/\/museocasadelaacuarela.cl\/2024\/wp-content\/uploads\/2024\/02\/DORA-AGUILA-02-scaled-1.jpeg",312,380,false],"nikkon_blog_img_top":["https:\/\/museocasadelaacuarela.cl\/2024\/wp-content\/uploads\/2024\/02\/DORA-AGUILA-02-scaled-1.jpeg",362,440,false],"woocommerce_thumbnail":["https:\/\/museocasadelaacuarela.cl\/2024\/wp-content\/uploads\/2024\/02\/DORA-AGUILA-02-scaled-1-300x300.jpeg",300,300,true],"woocommerce_single":["https:\/\/museocasadelaacuarela.cl\/2024\/wp-content\/uploads\/2024\/02\/DORA-AGUILA-02-scaled-1-600x730.jpeg",600,730,true],"woocommerce_gallery_thumbnail":["https:\/\/museocasadelaacuarela.cl\/2024\/wp-content\/uploads\/2024\/02\/DORA-AGUILA-02-scaled-1-100x100.jpeg",100,100,true]},"uagb_author_info":{"display_name":"admin","author_link":"https:\/\/museocasadelaacuarela.cl\/2024\/author\/admin\/"},"uagb_comment_info":0,"uagb_excerpt":"Dora \u00c1guila. Sortilegio. Acuarela sobre papel 28,5 x 38 cm. Donaci\u00f3n de la artista. Dora \u00c1guila. Amapola. Acuarela sobre seda 32 x 26,5 cm. Donaci\u00f3n de la artista. ___________________________________________","_links":{"self":[{"href":"https:\/\/museocasadelaacuarela.cl\/2024\/wp-json\/wp\/v2\/posts\/575","targetHints":{"allow":["GET"]}}],"collection":[{"href":"https:\/\/museocasadelaacuarela.cl\/2024\/wp-json\/wp\/v2\/posts"}],"about":[{"href":"https:\/\/museocasadelaacuarela.cl\/2024\/wp-json\/wp\/v2\/types\/post"}],"author":[{"embeddable":true,"href":"https:\/\/museocasadelaacuarela.cl\/2024\/wp-json\/wp\/v2\/users\/1"}],"replies":[{"embeddable":true,"href":"https:\/\/museocasadelaacuarela.cl\/2024\/wp-json\/wp\/v2\/comments?post=575"}],"version-history":[{"count":0,"href":"https:\/\/museocasadelaacuarela.cl\/2024\/wp-json\/wp\/v2\/posts\/575\/revisions"}],"wp:featuredmedia":[{"embeddable":true,"href":"https:\/\/museocasadelaacuarela.cl\/2024\/wp-json\/wp\/v2\/media\/576"}],"wp:attachment":[{"href":"https:\/\/museocasadelaacuarela.cl\/2024\/wp-json\/wp\/v2\/media?parent=575"}],"wp:term":[{"taxonomy":"category","embeddable":true,"href":"https:\/\/museocasadelaacuarela.cl\/2024\/wp-json\/wp\/v2\/categories?post=575"},{"taxonomy":"post_tag","embeddable":true,"href":"https:\/\/museocasadelaacuarela.cl\/2024\/wp-json\/wp\/v2\/tags?post=575"}],"curies":[{"name":"wp","href":"https:\/\/api.w.org\/{rel}","templated":true}]}}