{"id":551,"date":"2024-02-26T17:49:59","date_gmt":"2024-02-26T17:49:59","guid":{"rendered":"https:\/\/museocasadelaacuarela.cl\/2024\/?p=551"},"modified":"2024-02-26T17:49:59","modified_gmt":"2024-02-26T17:49:59","slug":"humberto-eliash","status":"publish","type":"post","link":"https:\/\/museocasadelaacuarela.cl\/2024\/acuarelistas-chilenos-contemporaneos\/humberto-eliash\/","title":{"rendered":"Humberto Eliash"},"content":{"rendered":"<div class=\"wp-block-image\">\n<figure data-wp-context=\"{&quot;imageId&quot;:&quot;69f3fee937a1b&quot;}\" data-wp-interactive=\"core\/image\" data-wp-key=\"69f3fee937a1b\" class=\"aligncenter size-full wp-lightbox-container\"><img decoding=\"async\" data-wp-class--hide=\"state.isContentHidden\" data-wp-class--show=\"state.isContentVisible\" data-wp-init=\"callbacks.setButtonStyles\" data-wp-on--click=\"actions.showLightbox\" data-wp-on--load=\"callbacks.setButtonStyles\" data-wp-on-window--resize=\"callbacks.setButtonStyles\" src=\"https:\/\/museocasadelaacuarela.cl\/2024\/wp-content\/uploads\/2024\/02\/HUMBERTO-ELIASH-01-scaled.jpeg\" alt=\"\" class=\"wp-image-552\"\/><button\n\t\t\tclass=\"lightbox-trigger\"\n\t\t\ttype=\"button\"\n\t\t\taria-haspopup=\"dialog\"\n\t\t\taria-label=\"Agrandar\"\n\t\t\tdata-wp-init=\"callbacks.initTriggerButton\"\n\t\t\tdata-wp-on--click=\"actions.showLightbox\"\n\t\t\tdata-wp-style--right=\"state.imageButtonRight\"\n\t\t\tdata-wp-style--top=\"state.imageButtonTop\"\n\t\t>\n\t\t\t<svg xmlns=\"http:\/\/www.w3.org\/2000\/svg\" width=\"12\" height=\"12\" fill=\"none\" viewBox=\"0 0 12 12\">\n\t\t\t\t<path fill=\"#fff\" d=\"M2 0a2 2 0 0 0-2 2v2h1.5V2a.5.5 0 0 1 .5-.5h2V0H2Zm2 10.5H2a.5.5 0 0 1-.5-.5V8H0v2a2 2 0 0 0 2 2h2v-1.5ZM8 12v-1.5h2a.5.5 0 0 0 .5-.5V8H12v2a2 2 0 0 1-2 2H8Zm2-12a2 2 0 0 1 2 2v2h-1.5V2a.5.5 0 0 0-.5-.5H8V0h2Z\" \/>\n\t\t\t<\/svg>\n\t\t<\/button><\/figure>\n<\/div>\n\n\n<p><\/p>\n\n\n\n<p class=\"has-text-align-center\">Humberto Eliash. Calle de Italia, 1995. Acuarela sobre papel, 17,5 x 13,5 cm. Donaci\u00f3n del artista.<\/p>\n\n\n\n<p><\/p>\n\n\n<div class=\"wp-block-image\">\n<figure data-wp-context=\"{&quot;imageId&quot;:&quot;69f3fee938438&quot;}\" data-wp-interactive=\"core\/image\" data-wp-key=\"69f3fee938438\" class=\"aligncenter size-full is-resized wp-lightbox-container\"><img loading=\"lazy\" decoding=\"async\" width=\"594\" height=\"800\" data-wp-class--hide=\"state.isContentHidden\" data-wp-class--show=\"state.isContentVisible\" data-wp-init=\"callbacks.setButtonStyles\" data-wp-on--click=\"actions.showLightbox\" data-wp-on--load=\"callbacks.setButtonStyles\" data-wp-on-window--resize=\"callbacks.setButtonStyles\" src=\"https:\/\/museocasadelaacuarela.cl\/2024\/wp-content\/uploads\/2024\/02\/HUMBERTO-ELIASH-02-PARIS-LUCIA.jpg\" alt=\"Humberto Eliash.Paris\/Luc\u00eda, 2017. Acuarela sobre papel 28 x 21 cm. Donaci\u00f3n del artista.\" class=\"wp-image-555\" style=\"width:692px;height:auto\" srcset=\"https:\/\/museocasadelaacuarela.cl\/2024\/wp-content\/uploads\/2024\/02\/HUMBERTO-ELIASH-02-PARIS-LUCIA.jpg 594w, https:\/\/museocasadelaacuarela.cl\/2024\/wp-content\/uploads\/2024\/02\/HUMBERTO-ELIASH-02-PARIS-LUCIA-223x300.jpg 223w\" sizes=\"auto, (max-width: 594px) 100vw, 594px\" \/><button\n\t\t\tclass=\"lightbox-trigger\"\n\t\t\ttype=\"button\"\n\t\t\taria-haspopup=\"dialog\"\n\t\t\taria-label=\"Agrandar\"\n\t\t\tdata-wp-init=\"callbacks.initTriggerButton\"\n\t\t\tdata-wp-on--click=\"actions.showLightbox\"\n\t\t\tdata-wp-style--right=\"state.imageButtonRight\"\n\t\t\tdata-wp-style--top=\"state.imageButtonTop\"\n\t\t>\n\t\t\t<svg xmlns=\"http:\/\/www.w3.org\/2000\/svg\" width=\"12\" height=\"12\" fill=\"none\" viewBox=\"0 0 12 12\">\n\t\t\t\t<path fill=\"#fff\" d=\"M2 0a2 2 0 0 0-2 2v2h1.5V2a.5.5 0 0 1 .5-.5h2V0H2Zm2 10.5H2a.5.5 0 0 1-.5-.5V8H0v2a2 2 0 0 0 2 2h2v-1.5ZM8 12v-1.5h2a.5.5 0 0 0 .5-.5V8H12v2a2 2 0 0 1-2 2H8Zm2-12a2 2 0 0 1 2 2v2h-1.5V2a.5.5 0 0 0-.5-.5H8V0h2Z\" \/>\n\t\t\t<\/svg>\n\t\t<\/button><\/figure>\n<\/div>\n\n\n<p><\/p>\n\n\n\n<p class=\"has-text-align-center\">Humberto Eliash.Paris\/Luc\u00eda, 2017. Acuarela sobre papel 28 x 21 cm. Donaci\u00f3n del artista.<\/p>\n\n\n\n<p><\/p>\n\n\n<div class=\"wp-block-image\">\n<figure data-wp-context=\"{&quot;imageId&quot;:&quot;69f3fee9435e1&quot;}\" data-wp-interactive=\"core\/image\" data-wp-key=\"69f3fee9435e1\" class=\"aligncenter size-large is-resized wp-lightbox-container\"><img decoding=\"async\" data-wp-class--hide=\"state.isContentHidden\" data-wp-class--show=\"state.isContentVisible\" data-wp-init=\"callbacks.setButtonStyles\" data-wp-on--click=\"actions.showLightbox\" data-wp-on--load=\"callbacks.setButtonStyles\" data-wp-on-window--resize=\"callbacks.setButtonStyles\" src=\"https:\/\/museocasadelaacuarela.cl\/2024\/wp-content\/uploads\/2024\/02\/HUMBERTO-ELIASH-CROACIA-03-1024x725.jpeg\" alt=\"\" class=\"wp-image-558\" style=\"width:814px;height:auto\"\/><button\n\t\t\tclass=\"lightbox-trigger\"\n\t\t\ttype=\"button\"\n\t\t\taria-haspopup=\"dialog\"\n\t\t\taria-label=\"Agrandar\"\n\t\t\tdata-wp-init=\"callbacks.initTriggerButton\"\n\t\t\tdata-wp-on--click=\"actions.showLightbox\"\n\t\t\tdata-wp-style--right=\"state.imageButtonRight\"\n\t\t\tdata-wp-style--top=\"state.imageButtonTop\"\n\t\t>\n\t\t\t<svg xmlns=\"http:\/\/www.w3.org\/2000\/svg\" width=\"12\" height=\"12\" fill=\"none\" viewBox=\"0 0 12 12\">\n\t\t\t\t<path fill=\"#fff\" d=\"M2 0a2 2 0 0 0-2 2v2h1.5V2a.5.5 0 0 1 .5-.5h2V0H2Zm2 10.5H2a.5.5 0 0 1-.5-.5V8H0v2a2 2 0 0 0 2 2h2v-1.5ZM8 12v-1.5h2a.5.5 0 0 0 .5-.5V8H12v2a2 2 0 0 1-2 2H8Zm2-12a2 2 0 0 1 2 2v2h-1.5V2a.5.5 0 0 0-.5-.5H8V0h2Z\" \/>\n\t\t\t<\/svg>\n\t\t<\/button><\/figure>\n<\/div>\n\n\n<p><\/p>\n\n\n\n<p class=\"has-text-align-center\">Humberto Eliash. Split, Croacia, 2016. Acuarela sobre papel, 20 x 27,5 cm. Donaci\u00f3n del artista.<\/p>\n\n\n\n<p><\/p>\n\n\n<div class=\"wp-block-image\">\n<figure data-wp-context=\"{&quot;imageId&quot;:&quot;69f3fee944000&quot;}\" data-wp-interactive=\"core\/image\" data-wp-key=\"69f3fee944000\" class=\"aligncenter size-full is-resized wp-lightbox-container\"><img decoding=\"async\" data-wp-class--hide=\"state.isContentHidden\" data-wp-class--show=\"state.isContentVisible\" data-wp-init=\"callbacks.setButtonStyles\" data-wp-on--click=\"actions.showLightbox\" data-wp-on--load=\"callbacks.setButtonStyles\" data-wp-on-window--resize=\"callbacks.setButtonStyles\" src=\"https:\/\/museocasadelaacuarela.cl\/2024\/wp-content\/uploads\/2024\/02\/HUMBERTO-ELIASH-VENECIA-06-scaled.jpeg\" alt=\"\" class=\"wp-image-559\" style=\"width:826px;height:auto\"\/><button\n\t\t\tclass=\"lightbox-trigger\"\n\t\t\ttype=\"button\"\n\t\t\taria-haspopup=\"dialog\"\n\t\t\taria-label=\"Agrandar\"\n\t\t\tdata-wp-init=\"callbacks.initTriggerButton\"\n\t\t\tdata-wp-on--click=\"actions.showLightbox\"\n\t\t\tdata-wp-style--right=\"state.imageButtonRight\"\n\t\t\tdata-wp-style--top=\"state.imageButtonTop\"\n\t\t>\n\t\t\t<svg xmlns=\"http:\/\/www.w3.org\/2000\/svg\" width=\"12\" height=\"12\" fill=\"none\" viewBox=\"0 0 12 12\">\n\t\t\t\t<path fill=\"#fff\" d=\"M2 0a2 2 0 0 0-2 2v2h1.5V2a.5.5 0 0 1 .5-.5h2V0H2Zm2 10.5H2a.5.5 0 0 1-.5-.5V8H0v2a2 2 0 0 0 2 2h2v-1.5ZM8 12v-1.5h2a.5.5 0 0 0 .5-.5V8H12v2a2 2 0 0 1-2 2H8Zm2-12a2 2 0 0 1 2 2v2h-1.5V2a.5.5 0 0 0-.5-.5H8V0h2Z\" \/>\n\t\t\t<\/svg>\n\t\t<\/button><\/figure>\n<\/div>\n\n\n<p><\/p>\n\n\n\n<p class=\"has-text-align-center\">Humberto Eliash. Gran Canal, Venecia, 2016. Acuarela sobre papel, 21 x 27,5 cm. Donaci\u00f3n del artista.<\/p>\n\n\n\n<p><\/p>\n\n\n\n<p><\/p>\n\n\n\n<p class=\"has-text-align-center\">___________________________________________<\/p>\n\n\n<style>.wp-show-posts-columns#wpsp-807 {margin-left: -2em; }.wp-show-posts-columns#wpsp-807 .wp-show-posts-inner {margin: 0 0 2em 2em; }<\/style><section id=\"wpsp-807\" class=\" wp-show-posts-columns wp-show-posts\" style=\"\"><article class=\" wp-show-posts-single post-1654 post type-post status-publish format-standard has-post-thumbnail hentry category-post category-proyectos-2017 blog-blocks-layout blog-style-postblock  blog-alt-odd wpsp-col-6\" itemtype=\"http:\/\/schema.org\/CreativeWork\" itemscope><div class=\"wp-show-posts-inner\" style=\"\">\t\t\t\t\t\t<div class=\"wp-show-posts-entry-summary\" itemprop=\"text\">\n\t\t\t\t\t\t\t<p>\u00abD\u00eda Mundial de la Acuarela\u00bb, demostraciones y talleres gratuitos para ni\u00f1os.<\/p>\n\t\t\t\t\t\t<\/div><!-- .entry-summary -->\n\t\t\t\t\t<\/div><!-- wp-show-posts-inner --><\/article><article class=\" wp-show-posts-single post-1650 post type-post status-publish format-standard has-post-thumbnail hentry category-proyectos-2017 blog-blocks-layout blog-style-postblock  blog-alt-even wpsp-col-6\" itemtype=\"http:\/\/schema.org\/CreativeWork\" itemscope><div class=\"wp-show-posts-inner\" style=\"\">\t\t\t\t\t\t<div class=\"wp-show-posts-entry-summary\" itemprop=\"text\">\n\t\t\t\t\t\t\t<p>Acogido a la Ley de Donaciones Culturales<\/p>\n\t\t\t\t\t\t<\/div><!-- .entry-summary -->\n\t\t\t\t\t<\/div><!-- wp-show-posts-inner --><\/article><article class=\" wp-show-posts-single post-1644 post type-post status-publish format-standard has-post-thumbnail hentry category-proyectos-2018 blog-blocks-layout blog-style-postblock  blog-alt-odd wpsp-col-6\" itemtype=\"http:\/\/schema.org\/CreativeWork\" itemscope><div class=\"wp-show-posts-inner\" style=\"\">\t\t\t\t\t\t<div class=\"wp-show-posts-entry-summary\" itemprop=\"text\">\n\t\t\t\t\t\t\t<p>En el Museo Andino de Alto Jahuel.\u00a0 Acogido a la Ley de Donaciones Culturales.<\/p>\n\t\t\t\t\t\t<\/div><!-- .entry-summary -->\n\t\t\t\t\t<\/div><!-- wp-show-posts-inner --><\/article><article class=\" wp-show-posts-single post-1642 post type-post status-publish format-standard has-post-thumbnail hentry category-proyectos-2018 blog-blocks-layout blog-style-postblock  blog-alt-even wpsp-col-6\" itemtype=\"http:\/\/schema.org\/CreativeWork\" itemscope><div class=\"wp-show-posts-inner\" style=\"\">\t\t\t\t\t\t<div class=\"wp-show-posts-entry-summary\" itemprop=\"text\">\n\t\t\t\t\t\t\t\t\t\t\t\t\t<\/div><!-- .entry-summary -->\n\t\t\t\t\t<\/div><!-- wp-show-posts-inner --><\/article><article class=\" wp-show-posts-single post-1640 post type-post status-publish format-standard has-post-thumbnail hentry category-proyectos-2018 blog-blocks-layout blog-style-postblock  blog-alt-odd wpsp-col-6\" itemtype=\"http:\/\/schema.org\/CreativeWork\" itemscope><div class=\"wp-show-posts-inner\" style=\"\">\t\t\t\t\t\t<div class=\"wp-show-posts-entry-summary\" itemprop=\"text\">\n\t\t\t\t\t\t\t\t\t\t\t\t\t<\/div><!-- .entry-summary -->\n\t\t\t\t\t<\/div><!-- wp-show-posts-inner --><\/article><article class=\" wp-show-posts-single post-1637 post type-post status-publish format-standard has-post-thumbnail hentry category-post category-proyectos-2018 blog-blocks-layout blog-style-postblock  blog-alt-even wpsp-col-6\" itemtype=\"http:\/\/schema.org\/CreativeWork\" itemscope><div class=\"wp-show-posts-inner\" style=\"\">\t\t\t\t\t\t<div class=\"wp-show-posts-entry-summary\" itemprop=\"text\">\n\t\t\t\t\t\t\t<p>\u00abD\u00eda Mundial de la Acuarela\u00bb, demostraciones y talleres gratuitos para ni\u00f1os.<\/p>\n\t\t\t\t\t\t<\/div><!-- .entry-summary -->\n\t\t\t\t\t<\/div><!-- wp-show-posts-inner --><\/article><article class=\" wp-show-posts-single post-1629 post type-post status-publish format-standard has-post-thumbnail hentry category-post category-proyectos-2018 blog-blocks-layout blog-style-postblock  blog-alt-odd wpsp-col-6\" itemtype=\"http:\/\/schema.org\/CreativeWork\" itemscope><div class=\"wp-show-posts-inner\" style=\"\">\t\t\t\t\t\t<div class=\"wp-show-posts-entry-summary\" itemprop=\"text\">\n\t\t\t\t\t\t\t\t\t\t\t\t\t<\/div><!-- .entry-summary -->\n\t\t\t\t\t<\/div><!-- wp-show-posts-inner --><\/article><article class=\" wp-show-posts-single post-1619 post type-post status-publish format-standard has-post-thumbnail hentry category-post category-proyectos-2019 blog-blocks-layout blog-style-postblock  blog-alt-even wpsp-col-6\" itemtype=\"http:\/\/schema.org\/CreativeWork\" itemscope><div class=\"wp-show-posts-inner\" style=\"\">\t\t\t\t\t\t<div class=\"wp-show-posts-entry-summary\" itemprop=\"text\">\n\t\t\t\t\t\t\t<p>Dibujos, pinturas, sus cuadernos de trabajo y documentos personales.\u00a0En el\u00a0Museo Andino de Alto Jahuel.\u00a0 Cat\u00e1logo Dinora<\/p>\n\t\t\t\t\t\t<\/div><!-- .entry-summary -->\n\t\t\t\t\t<\/div><!-- wp-show-posts-inner --><\/article><article class=\" wp-show-posts-single post-1614 post type-post status-publish format-standard has-post-thumbnail hentry category-proyectos-2019 blog-blocks-layout blog-style-postblock  blog-alt-odd wpsp-col-6\" itemtype=\"http:\/\/schema.org\/CreativeWork\" itemscope><div class=\"wp-show-posts-inner\" style=\"\">\t\t\t\t\t\t<div class=\"wp-show-posts-entry-summary\" itemprop=\"text\">\n\t\t\t\t\t\t\t<p>En la Carpa de la Ciencia del Centro de Estudios Cient\u00edficos de Valdivia. Acogido a la Ley de Donaciones Culturales Cat\u00e1logo Arquitectos<\/p>\n\t\t\t\t\t\t<\/div><!-- .entry-summary -->\n\t\t\t\t\t<\/div><!-- wp-show-posts-inner --><\/article><article class=\" wp-show-posts-single post-1599 post type-post status-publish format-standard has-post-thumbnail hentry category-proyectos-2019 blog-blocks-layout blog-style-postblock  blog-alt-even wpsp-col-6\" itemtype=\"http:\/\/schema.org\/CreativeWork\" itemscope><div class=\"wp-show-posts-inner\" style=\"\">\t\t\t\t\t\t<div class=\"wp-show-posts-entry-summary\" itemprop=\"text\">\n\t\t\t\t\t\t\t<p>Acogido a la Ley de Donaciones Culturales Cat\u00e1logo Arquitectos<\/p>\n\t\t\t\t\t\t<\/div><!-- .entry-summary -->\n\t\t\t\t\t<\/div><!-- wp-show-posts-inner --><\/article><div class=\"wpsp-clear\"><\/div><\/section><!-- .wp-show-posts -->\n","protected":false},"excerpt":{"rendered":"<p>Humberto Eliash. Calle de Italia, 1995. Acuarela sobre papel, 17,5 x 13,5 cm. Donaci\u00f3n del artista. Humberto Eliash.Paris\/Luc\u00eda, 2017. Acuarela sobre papel 28 x 21 cm. Donaci\u00f3n del artista. Humberto Eliash. Split, Croacia, 2016. Acuarela sobre papel, 20 x 27,5 cm. Donaci\u00f3n del artista. Humberto Eliash. Gran Canal, Venecia, 2016. Acuarela sobre papel, 21 x [&hellip;]<\/p>\n","protected":false},"author":1,"featured_media":552,"comment_status":"closed","ping_status":"closed","sticky":false,"template":"","format":"standard","meta":{"_uag_custom_page_level_css":"","footnotes":""},"categories":[2,5],"tags":[],"class_list":["post-551","post","type-post","status-publish","format-standard","has-post-thumbnail","hentry","category-acuarelistas-chilenos-contemporaneos","category-galeria","blog-blocks-layout","blog-style-postblock","","blog-alt-odd"],"uagb_featured_image_src":{"full":["https:\/\/museocasadelaacuarela.cl\/2024\/wp-content\/uploads\/2024\/02\/HUMBERTO-ELIASH-01-scaled-1.jpeg",1938,2560,false],"thumbnail":["https:\/\/museocasadelaacuarela.cl\/2024\/wp-content\/uploads\/2024\/02\/HUMBERTO-ELIASH-01-scaled-1-150x150.jpeg",150,150,true],"medium":["https:\/\/museocasadelaacuarela.cl\/2024\/wp-content\/uploads\/2024\/02\/HUMBERTO-ELIASH-01-scaled-1-227x300.jpeg",227,300,true],"medium_large":["https:\/\/museocasadelaacuarela.cl\/2024\/wp-content\/uploads\/2024\/02\/HUMBERTO-ELIASH-01-scaled-1-768x1014.jpeg",768,1014,true],"large":["https:\/\/museocasadelaacuarela.cl\/2024\/wp-content\/uploads\/2024\/02\/HUMBERTO-ELIASH-01-scaled-1-775x1024.jpeg",775,1024,true],"1536x1536":["https:\/\/museocasadelaacuarela.cl\/2024\/wp-content\/uploads\/2024\/02\/HUMBERTO-ELIASH-01-scaled-1-1163x1536.jpeg",1163,1536,true],"2048x2048":["https:\/\/museocasadelaacuarela.cl\/2024\/wp-content\/uploads\/2024\/02\/HUMBERTO-ELIASH-01-scaled-1-1550x2048.jpeg",1550,2048,true],"nikkon_blog_img_side":["https:\/\/museocasadelaacuarela.cl\/2024\/wp-content\/uploads\/2024\/02\/HUMBERTO-ELIASH-01-scaled-1.jpeg",288,380,false],"nikkon_blog_img_top":["https:\/\/museocasadelaacuarela.cl\/2024\/wp-content\/uploads\/2024\/02\/HUMBERTO-ELIASH-01-scaled-1.jpeg",333,440,false],"woocommerce_thumbnail":["https:\/\/museocasadelaacuarela.cl\/2024\/wp-content\/uploads\/2024\/02\/HUMBERTO-ELIASH-01-scaled-1-300x300.jpeg",300,300,true],"woocommerce_single":["https:\/\/museocasadelaacuarela.cl\/2024\/wp-content\/uploads\/2024\/02\/HUMBERTO-ELIASH-01-scaled-1-600x793.jpeg",600,793,true],"woocommerce_gallery_thumbnail":["https:\/\/museocasadelaacuarela.cl\/2024\/wp-content\/uploads\/2024\/02\/HUMBERTO-ELIASH-01-scaled-1-100x100.jpeg",100,100,true]},"uagb_author_info":{"display_name":"admin","author_link":"https:\/\/museocasadelaacuarela.cl\/2024\/author\/admin\/"},"uagb_comment_info":0,"uagb_excerpt":"Humberto Eliash. Calle de Italia, 1995. Acuarela sobre papel, 17,5 x 13,5 cm. Donaci\u00f3n del artista. Humberto Eliash.Paris\/Luc\u00eda, 2017. Acuarela sobre papel 28 x 21 cm. Donaci\u00f3n del artista. Humberto Eliash. Split, Croacia, 2016. Acuarela sobre papel, 20 x 27,5 cm. Donaci\u00f3n del artista. Humberto Eliash. Gran Canal, Venecia, 2016. Acuarela sobre papel, 21 x&hellip;","_links":{"self":[{"href":"https:\/\/museocasadelaacuarela.cl\/2024\/wp-json\/wp\/v2\/posts\/551","targetHints":{"allow":["GET"]}}],"collection":[{"href":"https:\/\/museocasadelaacuarela.cl\/2024\/wp-json\/wp\/v2\/posts"}],"about":[{"href":"https:\/\/museocasadelaacuarela.cl\/2024\/wp-json\/wp\/v2\/types\/post"}],"author":[{"embeddable":true,"href":"https:\/\/museocasadelaacuarela.cl\/2024\/wp-json\/wp\/v2\/users\/1"}],"replies":[{"embeddable":true,"href":"https:\/\/museocasadelaacuarela.cl\/2024\/wp-json\/wp\/v2\/comments?post=551"}],"version-history":[{"count":0,"href":"https:\/\/museocasadelaacuarela.cl\/2024\/wp-json\/wp\/v2\/posts\/551\/revisions"}],"wp:featuredmedia":[{"embeddable":true,"href":"https:\/\/museocasadelaacuarela.cl\/2024\/wp-json\/wp\/v2\/media\/552"}],"wp:attachment":[{"href":"https:\/\/museocasadelaacuarela.cl\/2024\/wp-json\/wp\/v2\/media?parent=551"}],"wp:term":[{"taxonomy":"category","embeddable":true,"href":"https:\/\/museocasadelaacuarela.cl\/2024\/wp-json\/wp\/v2\/categories?post=551"},{"taxonomy":"post_tag","embeddable":true,"href":"https:\/\/museocasadelaacuarela.cl\/2024\/wp-json\/wp\/v2\/tags?post=551"}],"curies":[{"name":"wp","href":"https:\/\/api.w.org\/{rel}","templated":true}]}}