{"id":513,"date":"2024-02-26T14:44:53","date_gmt":"2024-02-26T14:44:53","guid":{"rendered":"https:\/\/museocasadelaacuarela.cl\/2024\/?p=513"},"modified":"2024-02-26T14:44:53","modified_gmt":"2024-02-26T14:44:53","slug":"carlos-martner","status":"publish","type":"post","link":"https:\/\/museocasadelaacuarela.cl\/2024\/galeria\/carlos-martner\/","title":{"rendered":"Carlos Martner"},"content":{"rendered":"<div class=\"wp-block-image\">\n<figure data-wp-context=\"{&quot;imageId&quot;:&quot;69f3ef3e1402e&quot;}\" data-wp-interactive=\"core\/image\" data-wp-key=\"69f3ef3e1402e\" class=\"aligncenter size-full is-resized wp-lightbox-container\"><img decoding=\"async\" data-wp-class--hide=\"state.isContentHidden\" data-wp-class--show=\"state.isContentVisible\" data-wp-init=\"callbacks.setButtonStyles\" data-wp-on--click=\"actions.showLightbox\" data-wp-on--load=\"callbacks.setButtonStyles\" data-wp-on-window--resize=\"callbacks.setButtonStyles\" src=\"https:\/\/museocasadelaacuarela.cl\/2024\/wp-content\/uploads\/2024\/02\/4-scaled.jpeg\" alt=\"\" class=\"wp-image-461\" style=\"width:840px;height:auto\"\/><button\n\t\t\tclass=\"lightbox-trigger\"\n\t\t\ttype=\"button\"\n\t\t\taria-haspopup=\"dialog\"\n\t\t\taria-label=\"Agrandar\"\n\t\t\tdata-wp-init=\"callbacks.initTriggerButton\"\n\t\t\tdata-wp-on--click=\"actions.showLightbox\"\n\t\t\tdata-wp-style--right=\"state.imageButtonRight\"\n\t\t\tdata-wp-style--top=\"state.imageButtonTop\"\n\t\t>\n\t\t\t<svg xmlns=\"http:\/\/www.w3.org\/2000\/svg\" width=\"12\" height=\"12\" fill=\"none\" viewBox=\"0 0 12 12\">\n\t\t\t\t<path fill=\"#fff\" d=\"M2 0a2 2 0 0 0-2 2v2h1.5V2a.5.5 0 0 1 .5-.5h2V0H2Zm2 10.5H2a.5.5 0 0 1-.5-.5V8H0v2a2 2 0 0 0 2 2h2v-1.5ZM8 12v-1.5h2a.5.5 0 0 0 .5-.5V8H12v2a2 2 0 0 1-2 2H8Zm2-12a2 2 0 0 1 2 2v2h-1.5V2a.5.5 0 0 0-.5-.5H8V0h2Z\" \/>\n\t\t\t<\/svg>\n\t\t<\/button><\/figure>\n<\/div>\n\n\n<p class=\"has-text-align-center has-medium-font-size\">Carlos Martner. Bosque quemado, 2017. Acuarela sobre papel, 35 x 49,5 cm. Donaci\u00f3n del artista.<\/p>\n\n\n<div class=\"wp-block-image\">\n<figure data-wp-context=\"{&quot;imageId&quot;:&quot;69f3ef3e1476f&quot;}\" data-wp-interactive=\"core\/image\" data-wp-key=\"69f3ef3e1476f\" class=\"aligncenter size-full wp-lightbox-container\"><img loading=\"lazy\" decoding=\"async\" width=\"1554\" height=\"703\" data-wp-class--hide=\"state.isContentHidden\" data-wp-class--show=\"state.isContentVisible\" data-wp-init=\"callbacks.setButtonStyles\" data-wp-on--click=\"actions.showLightbox\" data-wp-on--load=\"callbacks.setButtonStyles\" data-wp-on-window--resize=\"callbacks.setButtonStyles\" src=\"https:\/\/museocasadelaacuarela.cl\/2024\/wp-content\/uploads\/2024\/02\/2.jpeg\" alt=\"\" class=\"wp-image-474\" srcset=\"https:\/\/museocasadelaacuarela.cl\/2024\/wp-content\/uploads\/2024\/02\/2.jpeg 1554w, https:\/\/museocasadelaacuarela.cl\/2024\/wp-content\/uploads\/2024\/02\/2-600x271.jpeg 600w, https:\/\/museocasadelaacuarela.cl\/2024\/wp-content\/uploads\/2024\/02\/2-300x136.jpeg 300w, https:\/\/museocasadelaacuarela.cl\/2024\/wp-content\/uploads\/2024\/02\/2-1024x463.jpeg 1024w, https:\/\/museocasadelaacuarela.cl\/2024\/wp-content\/uploads\/2024\/02\/2-768x347.jpeg 768w, https:\/\/museocasadelaacuarela.cl\/2024\/wp-content\/uploads\/2024\/02\/2-1536x695.jpeg 1536w\" sizes=\"auto, (max-width: 1554px) 100vw, 1554px\" \/><button\n\t\t\tclass=\"lightbox-trigger\"\n\t\t\ttype=\"button\"\n\t\t\taria-haspopup=\"dialog\"\n\t\t\taria-label=\"Agrandar\"\n\t\t\tdata-wp-init=\"callbacks.initTriggerButton\"\n\t\t\tdata-wp-on--click=\"actions.showLightbox\"\n\t\t\tdata-wp-style--right=\"state.imageButtonRight\"\n\t\t\tdata-wp-style--top=\"state.imageButtonTop\"\n\t\t>\n\t\t\t<svg xmlns=\"http:\/\/www.w3.org\/2000\/svg\" width=\"12\" height=\"12\" fill=\"none\" viewBox=\"0 0 12 12\">\n\t\t\t\t<path fill=\"#fff\" d=\"M2 0a2 2 0 0 0-2 2v2h1.5V2a.5.5 0 0 1 .5-.5h2V0H2Zm2 10.5H2a.5.5 0 0 1-.5-.5V8H0v2a2 2 0 0 0 2 2h2v-1.5ZM8 12v-1.5h2a.5.5 0 0 0 .5-.5V8H12v2a2 2 0 0 1-2 2H8Zm2-12a2 2 0 0 1 2 2v2h-1.5V2a.5.5 0 0 0-.5-.5H8V0h2Z\" \/>\n\t\t\t<\/svg>\n\t\t<\/button><\/figure>\n<\/div>\n\n\n<p class=\"has-text-align-center has-medium-font-size\">Carlos Martner. Sur, 2009. Acuarela sobre papel, 10 x 22 cm. Donaci\u00f3n del artista.<\/p>\n\n\n<div class=\"wp-block-image\">\n<figure data-wp-context=\"{&quot;imageId&quot;:&quot;69f3ef3e14d4e&quot;}\" data-wp-interactive=\"core\/image\" data-wp-key=\"69f3ef3e14d4e\" class=\"aligncenter size-large wp-lightbox-container\"><img loading=\"lazy\" decoding=\"async\" width=\"1024\" height=\"460\" data-wp-class--hide=\"state.isContentHidden\" data-wp-class--show=\"state.isContentVisible\" data-wp-init=\"callbacks.setButtonStyles\" data-wp-on--click=\"actions.showLightbox\" data-wp-on--load=\"callbacks.setButtonStyles\" data-wp-on-window--resize=\"callbacks.setButtonStyles\" src=\"https:\/\/museocasadelaacuarela.cl\/2024\/wp-content\/uploads\/2024\/02\/carlos-martner-arboles-1-1024x460.jpg\" alt=\"\" class=\"wp-image-477\" srcset=\"https:\/\/museocasadelaacuarela.cl\/2024\/wp-content\/uploads\/2024\/02\/carlos-martner-arboles-1-1024x460.jpg 1024w, https:\/\/museocasadelaacuarela.cl\/2024\/wp-content\/uploads\/2024\/02\/carlos-martner-arboles-1-600x269.jpg 600w, https:\/\/museocasadelaacuarela.cl\/2024\/wp-content\/uploads\/2024\/02\/carlos-martner-arboles-1-300x135.jpg 300w, https:\/\/museocasadelaacuarela.cl\/2024\/wp-content\/uploads\/2024\/02\/carlos-martner-arboles-1-768x345.jpg 768w, https:\/\/museocasadelaacuarela.cl\/2024\/wp-content\/uploads\/2024\/02\/carlos-martner-arboles-1-1536x689.jpg 1536w, https:\/\/museocasadelaacuarela.cl\/2024\/wp-content\/uploads\/2024\/02\/carlos-martner-arboles-1.jpg 1925w\" sizes=\"auto, (max-width: 1024px) 100vw, 1024px\" \/><button\n\t\t\tclass=\"lightbox-trigger\"\n\t\t\ttype=\"button\"\n\t\t\taria-haspopup=\"dialog\"\n\t\t\taria-label=\"Agrandar\"\n\t\t\tdata-wp-init=\"callbacks.initTriggerButton\"\n\t\t\tdata-wp-on--click=\"actions.showLightbox\"\n\t\t\tdata-wp-style--right=\"state.imageButtonRight\"\n\t\t\tdata-wp-style--top=\"state.imageButtonTop\"\n\t\t>\n\t\t\t<svg xmlns=\"http:\/\/www.w3.org\/2000\/svg\" width=\"12\" height=\"12\" fill=\"none\" viewBox=\"0 0 12 12\">\n\t\t\t\t<path fill=\"#fff\" d=\"M2 0a2 2 0 0 0-2 2v2h1.5V2a.5.5 0 0 1 .5-.5h2V0H2Zm2 10.5H2a.5.5 0 0 1-.5-.5V8H0v2a2 2 0 0 0 2 2h2v-1.5ZM8 12v-1.5h2a.5.5 0 0 0 .5-.5V8H12v2a2 2 0 0 1-2 2H8Zm2-12a2 2 0 0 1 2 2v2h-1.5V2a.5.5 0 0 0-.5-.5H8V0h2Z\" \/>\n\t\t\t<\/svg>\n\t\t<\/button><\/figure>\n<\/div>\n\n\n<p class=\"has-text-align-center has-medium-font-size\">Carlos Martner. \u00c1rboles, 2017. Acuarela sobre papel, 14 x 23,5 cm. Donaci\u00f3n del artista.<\/p>\n\n\n<div class=\"wp-block-image\">\n<figure data-wp-context=\"{&quot;imageId&quot;:&quot;69f3ef3e152ea&quot;}\" data-wp-interactive=\"core\/image\" data-wp-key=\"69f3ef3e152ea\" class=\"aligncenter size-large wp-lightbox-container\"><img decoding=\"async\" data-wp-class--hide=\"state.isContentHidden\" data-wp-class--show=\"state.isContentVisible\" data-wp-init=\"callbacks.setButtonStyles\" data-wp-on--click=\"actions.showLightbox\" data-wp-on--load=\"callbacks.setButtonStyles\" data-wp-on-window--resize=\"callbacks.setButtonStyles\" src=\"https:\/\/museocasadelaacuarela.cl\/2024\/wp-content\/uploads\/2024\/02\/14-1-1024x734.jpeg\" alt=\"\" class=\"wp-image-476\"\/><button\n\t\t\tclass=\"lightbox-trigger\"\n\t\t\ttype=\"button\"\n\t\t\taria-haspopup=\"dialog\"\n\t\t\taria-label=\"Agrandar\"\n\t\t\tdata-wp-init=\"callbacks.initTriggerButton\"\n\t\t\tdata-wp-on--click=\"actions.showLightbox\"\n\t\t\tdata-wp-style--right=\"state.imageButtonRight\"\n\t\t\tdata-wp-style--top=\"state.imageButtonTop\"\n\t\t>\n\t\t\t<svg xmlns=\"http:\/\/www.w3.org\/2000\/svg\" width=\"12\" height=\"12\" fill=\"none\" viewBox=\"0 0 12 12\">\n\t\t\t\t<path fill=\"#fff\" d=\"M2 0a2 2 0 0 0-2 2v2h1.5V2a.5.5 0 0 1 .5-.5h2V0H2Zm2 10.5H2a.5.5 0 0 1-.5-.5V8H0v2a2 2 0 0 0 2 2h2v-1.5ZM8 12v-1.5h2a.5.5 0 0 0 .5-.5V8H12v2a2 2 0 0 1-2 2H8Zm2-12a2 2 0 0 1 2 2v2h-1.5V2a.5.5 0 0 0-.5-.5H8V0h2Z\" \/>\n\t\t\t<\/svg>\n\t\t<\/button><\/figure>\n<\/div>\n\n\n<p class=\"has-text-align-center has-medium-font-size\">Carlos Martner. Atm\u00f3sferas oto\u00f1ales, 2015. Acuarela sobre papel, 20 x 27 cm. Donaci\u00f3n del artista.<\/p>\n\n\n\n<p class=\"has-text-align-center\">_________________________________________________________<\/p>\n\n\n<style>.wp-show-posts-columns#wpsp-786 {margin-left: -2em; }.wp-show-posts-columns#wpsp-786 .wp-show-posts-inner {margin: 0 0 2em 2em; }<\/style><section id=\"wpsp-786\" class=\" wp-show-posts-columns wp-show-posts\" style=\"\"><article class=\" wp-show-posts-single post-1654 post type-post status-publish format-standard has-post-thumbnail hentry category-post category-proyectos-2017 blog-blocks-layout blog-style-postblock  blog-alt-odd wpsp-col-6\" itemtype=\"http:\/\/schema.org\/CreativeWork\" itemscope><div class=\"wp-show-posts-inner\" style=\"\">\t\t\t\t\t\t<div class=\"wp-show-posts-entry-summary\" itemprop=\"text\">\n\t\t\t\t\t\t\t<p>\u00abD\u00eda Mundial de la Acuarela\u00bb, demostraciones y talleres gratuitos para ni\u00f1os.<\/p>\n\t\t\t\t\t\t<\/div><!-- .entry-summary -->\n\t\t\t\t\t<\/div><!-- wp-show-posts-inner --><\/article><article class=\" wp-show-posts-single post-1650 post type-post status-publish format-standard has-post-thumbnail hentry category-proyectos-2017 blog-blocks-layout blog-style-postblock  blog-alt-even wpsp-col-6\" itemtype=\"http:\/\/schema.org\/CreativeWork\" itemscope><div class=\"wp-show-posts-inner\" style=\"\">\t\t\t\t\t\t<div class=\"wp-show-posts-entry-summary\" itemprop=\"text\">\n\t\t\t\t\t\t\t<p>Acogido a la Ley de Donaciones Culturales<\/p>\n\t\t\t\t\t\t<\/div><!-- .entry-summary -->\n\t\t\t\t\t<\/div><!-- wp-show-posts-inner --><\/article><article class=\" wp-show-posts-single post-1644 post type-post status-publish format-standard has-post-thumbnail hentry category-proyectos-2018 blog-blocks-layout blog-style-postblock  blog-alt-odd wpsp-col-6\" itemtype=\"http:\/\/schema.org\/CreativeWork\" itemscope><div class=\"wp-show-posts-inner\" style=\"\">\t\t\t\t\t\t<div class=\"wp-show-posts-entry-summary\" itemprop=\"text\">\n\t\t\t\t\t\t\t<p>En el Museo Andino de Alto Jahuel.\u00a0 Acogido a la Ley de Donaciones Culturales.<\/p>\n\t\t\t\t\t\t<\/div><!-- .entry-summary -->\n\t\t\t\t\t<\/div><!-- wp-show-posts-inner --><\/article><article class=\" wp-show-posts-single post-1642 post type-post status-publish format-standard has-post-thumbnail hentry category-proyectos-2018 blog-blocks-layout blog-style-postblock  blog-alt-even wpsp-col-6\" itemtype=\"http:\/\/schema.org\/CreativeWork\" itemscope><div class=\"wp-show-posts-inner\" style=\"\">\t\t\t\t\t\t<div class=\"wp-show-posts-entry-summary\" itemprop=\"text\">\n\t\t\t\t\t\t\t\t\t\t\t\t\t<\/div><!-- .entry-summary -->\n\t\t\t\t\t<\/div><!-- wp-show-posts-inner --><\/article><article class=\" wp-show-posts-single post-1640 post type-post status-publish format-standard has-post-thumbnail hentry category-proyectos-2018 blog-blocks-layout blog-style-postblock  blog-alt-odd wpsp-col-6\" itemtype=\"http:\/\/schema.org\/CreativeWork\" itemscope><div class=\"wp-show-posts-inner\" style=\"\">\t\t\t\t\t\t<div class=\"wp-show-posts-entry-summary\" itemprop=\"text\">\n\t\t\t\t\t\t\t\t\t\t\t\t\t<\/div><!-- .entry-summary -->\n\t\t\t\t\t<\/div><!-- wp-show-posts-inner --><\/article><article class=\" wp-show-posts-single post-1637 post type-post status-publish format-standard has-post-thumbnail hentry category-post category-proyectos-2018 blog-blocks-layout blog-style-postblock  blog-alt-even wpsp-col-6\" itemtype=\"http:\/\/schema.org\/CreativeWork\" itemscope><div class=\"wp-show-posts-inner\" style=\"\">\t\t\t\t\t\t<div class=\"wp-show-posts-entry-summary\" itemprop=\"text\">\n\t\t\t\t\t\t\t<p>\u00abD\u00eda Mundial de la Acuarela\u00bb, demostraciones y talleres gratuitos para ni\u00f1os.<\/p>\n\t\t\t\t\t\t<\/div><!-- .entry-summary -->\n\t\t\t\t\t<\/div><!-- wp-show-posts-inner --><\/article><article class=\" wp-show-posts-single post-1629 post type-post status-publish format-standard has-post-thumbnail hentry category-post category-proyectos-2018 blog-blocks-layout blog-style-postblock  blog-alt-odd wpsp-col-6\" itemtype=\"http:\/\/schema.org\/CreativeWork\" itemscope><div class=\"wp-show-posts-inner\" style=\"\">\t\t\t\t\t\t<div class=\"wp-show-posts-entry-summary\" itemprop=\"text\">\n\t\t\t\t\t\t\t\t\t\t\t\t\t<\/div><!-- .entry-summary -->\n\t\t\t\t\t<\/div><!-- wp-show-posts-inner --><\/article><article class=\" wp-show-posts-single post-1619 post type-post status-publish format-standard has-post-thumbnail hentry category-post category-proyectos-2019 blog-blocks-layout blog-style-postblock  blog-alt-even wpsp-col-6\" itemtype=\"http:\/\/schema.org\/CreativeWork\" itemscope><div class=\"wp-show-posts-inner\" style=\"\">\t\t\t\t\t\t<div class=\"wp-show-posts-entry-summary\" itemprop=\"text\">\n\t\t\t\t\t\t\t<p>Dibujos, pinturas, sus cuadernos de trabajo y documentos personales.\u00a0En el\u00a0Museo Andino de Alto Jahuel.\u00a0 Cat\u00e1logo Dinora<\/p>\n\t\t\t\t\t\t<\/div><!-- .entry-summary -->\n\t\t\t\t\t<\/div><!-- wp-show-posts-inner --><\/article><article class=\" wp-show-posts-single post-1614 post type-post status-publish format-standard has-post-thumbnail hentry category-proyectos-2019 blog-blocks-layout blog-style-postblock  blog-alt-odd wpsp-col-6\" itemtype=\"http:\/\/schema.org\/CreativeWork\" itemscope><div class=\"wp-show-posts-inner\" style=\"\">\t\t\t\t\t\t<div class=\"wp-show-posts-entry-summary\" itemprop=\"text\">\n\t\t\t\t\t\t\t<p>En la Carpa de la Ciencia del Centro de Estudios Cient\u00edficos de Valdivia. Acogido a la Ley de Donaciones Culturales Cat\u00e1logo Arquitectos<\/p>\n\t\t\t\t\t\t<\/div><!-- .entry-summary -->\n\t\t\t\t\t<\/div><!-- wp-show-posts-inner --><\/article><article class=\" wp-show-posts-single post-1599 post type-post status-publish format-standard has-post-thumbnail hentry category-proyectos-2019 blog-blocks-layout blog-style-postblock  blog-alt-even wpsp-col-6\" itemtype=\"http:\/\/schema.org\/CreativeWork\" itemscope><div class=\"wp-show-posts-inner\" style=\"\">\t\t\t\t\t\t<div class=\"wp-show-posts-entry-summary\" itemprop=\"text\">\n\t\t\t\t\t\t\t<p>Acogido a la Ley de Donaciones Culturales Cat\u00e1logo Arquitectos<\/p>\n\t\t\t\t\t\t<\/div><!-- .entry-summary -->\n\t\t\t\t\t<\/div><!-- wp-show-posts-inner --><\/article><div class=\"wpsp-clear\"><\/div><\/section><!-- .wp-show-posts -->\n","protected":false},"excerpt":{"rendered":"<p>Carlos Martner. Bosque quemado, 2017. Acuarela sobre papel, 35 x 49,5 cm. Donaci\u00f3n del artista. Carlos Martner. Sur, 2009. Acuarela sobre papel, 10 x 22 cm. Donaci\u00f3n del artista. Carlos Martner. \u00c1rboles, 2017. Acuarela sobre papel, 14 x 23,5 cm. Donaci\u00f3n del artista. Carlos Martner. Atm\u00f3sferas oto\u00f1ales, 2015. Acuarela sobre papel, 20 x 27 cm. [&hellip;]<\/p>\n","protected":false},"author":1,"featured_media":476,"comment_status":"closed","ping_status":"closed","sticky":false,"template":"","format":"standard","meta":{"_uag_custom_page_level_css":"","footnotes":""},"categories":[5,10],"tags":[],"class_list":["post-513","post","type-post","status-publish","format-standard","has-post-thumbnail","hentry","category-galeria","category-nuestra-coleccion","blog-blocks-layout","blog-style-postblock","","blog-alt-odd"],"uagb_featured_image_src":{"full":["https:\/\/museocasadelaacuarela.cl\/2024\/wp-content\/uploads\/2024\/02\/14-1-scaled-1.jpeg",2560,1835,false],"thumbnail":["https:\/\/museocasadelaacuarela.cl\/2024\/wp-content\/uploads\/2024\/02\/14-1-scaled-1-150x150.jpeg",150,150,true],"medium":["https:\/\/museocasadelaacuarela.cl\/2024\/wp-content\/uploads\/2024\/02\/14-1-scaled-1-300x215.jpeg",300,215,true],"medium_large":["https:\/\/museocasadelaacuarela.cl\/2024\/wp-content\/uploads\/2024\/02\/14-1-scaled-1-768x551.jpeg",768,551,true],"large":["https:\/\/museocasadelaacuarela.cl\/2024\/wp-content\/uploads\/2024\/02\/14-1-scaled-1-1024x734.jpeg",900,645,true],"1536x1536":["https:\/\/museocasadelaacuarela.cl\/2024\/wp-content\/uploads\/2024\/02\/14-1-scaled-1-1536x1101.jpeg",1536,1101,true],"2048x2048":["https:\/\/museocasadelaacuarela.cl\/2024\/wp-content\/uploads\/2024\/02\/14-1-scaled-1-2048x1468.jpeg",2048,1468,true],"nikkon_blog_img_side":["https:\/\/museocasadelaacuarela.cl\/2024\/wp-content\/uploads\/2024\/02\/14-1-scaled-1.jpeg",500,358,false],"nikkon_blog_img_top":["https:\/\/museocasadelaacuarela.cl\/2024\/wp-content\/uploads\/2024\/02\/14-1-scaled-1.jpeg",614,440,false],"woocommerce_thumbnail":["https:\/\/museocasadelaacuarela.cl\/2024\/wp-content\/uploads\/2024\/02\/14-1-scaled-1-300x300.jpeg",300,300,true],"woocommerce_single":["https:\/\/museocasadelaacuarela.cl\/2024\/wp-content\/uploads\/2024\/02\/14-1-scaled-1-600x430.jpeg",600,430,true],"woocommerce_gallery_thumbnail":["https:\/\/museocasadelaacuarela.cl\/2024\/wp-content\/uploads\/2024\/02\/14-1-scaled-1-100x100.jpeg",100,100,true]},"uagb_author_info":{"display_name":"admin","author_link":"https:\/\/museocasadelaacuarela.cl\/2024\/author\/admin\/"},"uagb_comment_info":0,"uagb_excerpt":"Carlos Martner. Bosque quemado, 2017. Acuarela sobre papel, 35 x 49,5 cm. Donaci\u00f3n del artista. Carlos Martner. Sur, 2009. Acuarela sobre papel, 10 x 22 cm. Donaci\u00f3n del artista. Carlos Martner. \u00c1rboles, 2017. Acuarela sobre papel, 14 x 23,5 cm. Donaci\u00f3n del artista. Carlos Martner. Atm\u00f3sferas oto\u00f1ales, 2015. Acuarela sobre papel, 20 x 27 cm.&hellip;","_links":{"self":[{"href":"https:\/\/museocasadelaacuarela.cl\/2024\/wp-json\/wp\/v2\/posts\/513","targetHints":{"allow":["GET"]}}],"collection":[{"href":"https:\/\/museocasadelaacuarela.cl\/2024\/wp-json\/wp\/v2\/posts"}],"about":[{"href":"https:\/\/museocasadelaacuarela.cl\/2024\/wp-json\/wp\/v2\/types\/post"}],"author":[{"embeddable":true,"href":"https:\/\/museocasadelaacuarela.cl\/2024\/wp-json\/wp\/v2\/users\/1"}],"replies":[{"embeddable":true,"href":"https:\/\/museocasadelaacuarela.cl\/2024\/wp-json\/wp\/v2\/comments?post=513"}],"version-history":[{"count":0,"href":"https:\/\/museocasadelaacuarela.cl\/2024\/wp-json\/wp\/v2\/posts\/513\/revisions"}],"wp:featuredmedia":[{"embeddable":true,"href":"https:\/\/museocasadelaacuarela.cl\/2024\/wp-json\/wp\/v2\/media\/476"}],"wp:attachment":[{"href":"https:\/\/museocasadelaacuarela.cl\/2024\/wp-json\/wp\/v2\/media?parent=513"}],"wp:term":[{"taxonomy":"category","embeddable":true,"href":"https:\/\/museocasadelaacuarela.cl\/2024\/wp-json\/wp\/v2\/categories?post=513"},{"taxonomy":"post_tag","embeddable":true,"href":"https:\/\/museocasadelaacuarela.cl\/2024\/wp-json\/wp\/v2\/tags?post=513"}],"curies":[{"name":"wp","href":"https:\/\/api.w.org\/{rel}","templated":true}]}}