{"id":1591,"date":"2024-06-13T16:34:13","date_gmt":"2024-06-13T16:34:13","guid":{"rendered":"https:\/\/museocasadelaacuarela.cl\/2024\/?p=1591"},"modified":"2024-06-13T16:34:13","modified_gmt":"2024-06-13T16:34:13","slug":"exposicion-lea-kleiner-revelacion-de-una-mirada","status":"publish","type":"post","link":"https:\/\/museocasadelaacuarela.cl\/2024\/proyectos-2020\/exposicion-lea-kleiner-revelacion-de-una-mirada\/","title":{"rendered":"Exposici\u00f3n \u00abLea Kleiner. Revelaci\u00f3n de una mirada\u00bb"},"content":{"rendered":"<div class=\"wp-block-image is-style-default\">\n<figure class=\"aligncenter size-full is-resized\"><img decoding=\"async\" src=\"https:\/\/a-gueny.com\/acuarela\/wp-content\/uploads\/2024\/06\/image-21.png\" alt=\"\" class=\"wp-image-1592\" style=\"width:840px;height:auto\"\/><\/figure>\n<\/div>\n\n\n<p class=\"has-medium-font-size\">Exploraci\u00f3n de la trayectoria de la artista nacional en las t\u00e9cnicas de la fotograf\u00eda, el grabado y la acuarela. Incluye documentos personales. En el Museo Andino. (febrero &#8211; noviembre)\u00a0<\/p>\n\n\n\n<p class=\"has-text-align-center has-large-font-size\"><strong><a href=\"https:\/\/museocasadelaacuarela.cl\/wp-content\/uploads\/2017\/03\/Diptico-Lea-Kleiner.pdf\">Cat\u00e1logo Lea Kleiner<\/a> <\/strong><\/p>\n\n\n<div class=\"wp-block-image\">\n<figure class=\"aligncenter size-full is-resized\"><a href=\"https:\/\/museocasadelaacuarela.cl\/wp-content\/uploads\/2017\/03\/Diptico-Lea-Kleiner.pdf\" target=\"_blank\" rel=\"noreferrer noopener\"><img decoding=\"async\" src=\"https:\/\/a-gueny.com\/acuarela\/wp-content\/uploads\/2024\/06\/image-e1718209404667.png\" alt=\"\" class=\"wp-image-1431\" style=\"width:58px;height:auto\"\/><\/a><\/figure>\n<\/div>\n\n\n<p><\/p>\n","protected":false},"excerpt":{"rendered":"<p>Exploraci\u00f3n de la trayectoria de la artista nacional en las t\u00e9cnicas de la fotograf\u00eda, el grabado y la acuarela. Incluye documentos personales. En el Museo Andino. (febrero &#8211; noviembre)\u00a0 Cat\u00e1logo Lea Kleiner<\/p>\n","protected":false},"author":1,"featured_media":1592,"comment_status":"closed","ping_status":"closed","sticky":false,"template":"","format":"standard","meta":{"_uag_custom_page_level_css":"","footnotes":""},"categories":[20],"tags":[],"class_list":["post-1591","post","type-post","status-publish","format-standard","has-post-thumbnail","hentry","category-proyectos-2020","blog-blocks-layout","blog-style-postblock","","blog-alt-odd"],"uagb_featured_image_src":{"full":false,"thumbnail":false,"medium":false,"medium_large":false,"large":false,"1536x1536":false,"2048x2048":false,"nikkon_blog_img_side":false,"nikkon_blog_img_top":false,"woocommerce_thumbnail":false,"woocommerce_single":false,"woocommerce_gallery_thumbnail":false},"uagb_author_info":{"display_name":"admin","author_link":"https:\/\/museocasadelaacuarela.cl\/2024\/author\/admin\/"},"uagb_comment_info":0,"uagb_excerpt":"Exploraci\u00f3n de la trayectoria de la artista nacional en las t\u00e9cnicas de la fotograf\u00eda, el grabado y la acuarela. Incluye documentos personales. En el Museo Andino. (febrero &#8211; noviembre)\u00a0 Cat\u00e1logo Lea Kleiner","_links":{"self":[{"href":"https:\/\/museocasadelaacuarela.cl\/2024\/wp-json\/wp\/v2\/posts\/1591","targetHints":{"allow":["GET"]}}],"collection":[{"href":"https:\/\/museocasadelaacuarela.cl\/2024\/wp-json\/wp\/v2\/posts"}],"about":[{"href":"https:\/\/museocasadelaacuarela.cl\/2024\/wp-json\/wp\/v2\/types\/post"}],"author":[{"embeddable":true,"href":"https:\/\/museocasadelaacuarela.cl\/2024\/wp-json\/wp\/v2\/users\/1"}],"replies":[{"embeddable":true,"href":"https:\/\/museocasadelaacuarela.cl\/2024\/wp-json\/wp\/v2\/comments?post=1591"}],"version-history":[{"count":0,"href":"https:\/\/museocasadelaacuarela.cl\/2024\/wp-json\/wp\/v2\/posts\/1591\/revisions"}],"wp:featuredmedia":[{"embeddable":true,"href":"https:\/\/museocasadelaacuarela.cl\/2024\/wp-json\/"}],"wp:attachment":[{"href":"https:\/\/museocasadelaacuarela.cl\/2024\/wp-json\/wp\/v2\/media?parent=1591"}],"wp:term":[{"taxonomy":"category","embeddable":true,"href":"https:\/\/museocasadelaacuarela.cl\/2024\/wp-json\/wp\/v2\/categories?post=1591"},{"taxonomy":"post_tag","embeddable":true,"href":"https:\/\/museocasadelaacuarela.cl\/2024\/wp-json\/wp\/v2\/tags?post=1591"}],"curies":[{"name":"wp","href":"https:\/\/api.w.org\/{rel}","templated":true}]}}