{"id":1565,"date":"2024-06-13T15:36:17","date_gmt":"2024-06-13T15:36:17","guid":{"rendered":"https:\/\/museocasadelaacuarela.cl\/2024\/?p=1565"},"modified":"2024-06-13T15:36:17","modified_gmt":"2024-06-13T15:36:17","slug":"exposicion-les-chemins-imprevus-aquarelles-du-chili","status":"publish","type":"post","link":"https:\/\/museocasadelaacuarela.cl\/2024\/post\/exposicion-les-chemins-imprevus-aquarelles-du-chili\/","title":{"rendered":"Exposici\u00f3n\u00a0\u00abLes Chemins Impr\u00e9vus. Aquarelles du Chili\u00bb"},"content":{"rendered":"\n<figure class=\"wp-block-video aligncenter\"><video autoplay controls loop muted src=\"https:\/\/museocasadelaacuarela.cl\/wp-content\/uploads\/2017\/03\/Exposicion-Francia-2021.mp4\"><\/video><\/figure>\n\n\n\n<p class=\"has-medium-font-size\">\u00a0Paris de 13 destacados acuarelistas chilenos contempor\u00e1neos como evento de celebraci\u00f3n del 18 de septiembre en Paris. Contamos con la colaboraci\u00f3n de la embajada de Chile en Francia. (septiembre &#8211; octubre)<\/p>\n","protected":false},"excerpt":{"rendered":"<p>\u00a0Paris de 13 destacados acuarelistas chilenos contempor\u00e1neos como evento de celebraci\u00f3n del 18 de septiembre en Paris. Contamos con la colaboraci\u00f3n de la embajada de Chile en Francia. (septiembre &#8211; octubre)<\/p>\n","protected":false},"author":1,"featured_media":1566,"comment_status":"closed","ping_status":"closed","sticky":false,"template":"","format":"standard","meta":{"_uag_custom_page_level_css":"","footnotes":""},"categories":[12,21],"tags":[],"class_list":["post-1565","post","type-post","status-publish","format-standard","has-post-thumbnail","hentry","category-post","category-proyectos-2021","blog-blocks-layout","blog-style-postblock","","blog-alt-odd"],"uagb_featured_image_src":{"full":false,"thumbnail":false,"medium":false,"medium_large":false,"large":false,"1536x1536":false,"2048x2048":false,"nikkon_blog_img_side":false,"nikkon_blog_img_top":false,"woocommerce_thumbnail":false,"woocommerce_single":false,"woocommerce_gallery_thumbnail":false},"uagb_author_info":{"display_name":"admin","author_link":"https:\/\/museocasadelaacuarela.cl\/2024\/author\/admin\/"},"uagb_comment_info":0,"uagb_excerpt":"\u00a0Paris de 13 destacados acuarelistas chilenos contempor\u00e1neos como evento de celebraci\u00f3n del 18 de septiembre en Paris. Contamos con la colaboraci\u00f3n de la embajada de Chile en Francia. (septiembre &#8211; octubre)","_links":{"self":[{"href":"https:\/\/museocasadelaacuarela.cl\/2024\/wp-json\/wp\/v2\/posts\/1565","targetHints":{"allow":["GET"]}}],"collection":[{"href":"https:\/\/museocasadelaacuarela.cl\/2024\/wp-json\/wp\/v2\/posts"}],"about":[{"href":"https:\/\/museocasadelaacuarela.cl\/2024\/wp-json\/wp\/v2\/types\/post"}],"author":[{"embeddable":true,"href":"https:\/\/museocasadelaacuarela.cl\/2024\/wp-json\/wp\/v2\/users\/1"}],"replies":[{"embeddable":true,"href":"https:\/\/museocasadelaacuarela.cl\/2024\/wp-json\/wp\/v2\/comments?post=1565"}],"version-history":[{"count":0,"href":"https:\/\/museocasadelaacuarela.cl\/2024\/wp-json\/wp\/v2\/posts\/1565\/revisions"}],"wp:featuredmedia":[{"embeddable":true,"href":"https:\/\/museocasadelaacuarela.cl\/2024\/wp-json\/"}],"wp:attachment":[{"href":"https:\/\/museocasadelaacuarela.cl\/2024\/wp-json\/wp\/v2\/media?parent=1565"}],"wp:term":[{"taxonomy":"category","embeddable":true,"href":"https:\/\/museocasadelaacuarela.cl\/2024\/wp-json\/wp\/v2\/categories?post=1565"},{"taxonomy":"post_tag","embeddable":true,"href":"https:\/\/museocasadelaacuarela.cl\/2024\/wp-json\/wp\/v2\/tags?post=1565"}],"curies":[{"name":"wp","href":"https:\/\/api.w.org\/{rel}","templated":true}]}}