{"id":1546,"date":"2024-06-13T15:08:35","date_gmt":"2024-06-13T15:08:35","guid":{"rendered":"https:\/\/museocasadelaacuarela.cl\/2024\/?p=1546"},"modified":"2024-06-13T15:08:35","modified_gmt":"2024-06-13T15:08:35","slug":"exposicion-virtual-acuarelas-heinz-britzmann-y-gabriela-britzmann","status":"publish","type":"post","link":"https:\/\/museocasadelaacuarela.cl\/2024\/proyectos-2021\/exposicion-virtual-acuarelas-heinz-britzmann-y-gabriela-britzmann\/","title":{"rendered":"Exposici\u00f3n virtual\u00a0\u00abACUARELAS: Heinz Britzmann y Gabriela Britzmann"},"content":{"rendered":"\n<style>\n.iframe-container {\n    display: flex;\n    justify-content: center;\n    align-items: center;\n    height: 100%;\n    margin: 20px 0;\n}\n\n.iframe-container iframe {\n    max-width: 100%;\n}\n<\/style>\n<div class=\"iframe-container\">\n    <iframe loading=\"lazy\" width=\"700\" height=\"400\" src=\"https:\/\/www.youtube.com\/embed\/4mJkQ70euSk?si=gAkw6ThDMdGEV9mv&#038;autoplay=1&#038;mute=1\" title=\"YouTube video player\" frameborder=\"0\" allow=\"accelerometer; autoplay; clipboard-write; encrypted-media; gyroscope; picture-in-picture; web-share\" referrerpolicy=\"strict-origin-when-cross-origin\" allowfullscreen><\/iframe>\n<\/div>\n\n\n\n\n<p class=\"has-medium-font-size\">Dos generaciones de acuarelistas, Heinz y Gabriela, cuyas obras dialogan en t\u00e9cnicas, tem\u00e1ticas y sensibilidad, en un homenaje al padre, con una puesta en valor de su obra in\u00e9dita. (septiembre)\u00a0<\/p>\n","protected":false},"excerpt":{"rendered":"<p>Dos generaciones de acuarelistas, Heinz y Gabriela, cuyas obras dialogan en t\u00e9cnicas, tem\u00e1ticas y sensibilidad, en un homenaje al padre, con una puesta en valor de su obra in\u00e9dita. (septiembre)\u00a0<\/p>\n","protected":false},"author":1,"featured_media":1547,"comment_status":"closed","ping_status":"closed","sticky":false,"template":"","format":"standard","meta":{"_uag_custom_page_level_css":"","footnotes":""},"categories":[21],"tags":[],"class_list":["post-1546","post","type-post","status-publish","format-standard","has-post-thumbnail","hentry","category-proyectos-2021","blog-blocks-layout","blog-style-postblock","","blog-alt-odd"],"uagb_featured_image_src":{"full":false,"thumbnail":false,"medium":false,"medium_large":false,"large":false,"1536x1536":false,"2048x2048":false,"nikkon_blog_img_side":false,"nikkon_blog_img_top":false,"woocommerce_thumbnail":false,"woocommerce_single":false,"woocommerce_gallery_thumbnail":false},"uagb_author_info":{"display_name":"admin","author_link":"https:\/\/museocasadelaacuarela.cl\/2024\/author\/admin\/"},"uagb_comment_info":0,"uagb_excerpt":"Dos generaciones de acuarelistas, Heinz y Gabriela, cuyas obras dialogan en t\u00e9cnicas, tem\u00e1ticas y sensibilidad, en un homenaje al padre, con una puesta en valor de su obra in\u00e9dita. (septiembre)\u00a0","_links":{"self":[{"href":"https:\/\/museocasadelaacuarela.cl\/2024\/wp-json\/wp\/v2\/posts\/1546","targetHints":{"allow":["GET"]}}],"collection":[{"href":"https:\/\/museocasadelaacuarela.cl\/2024\/wp-json\/wp\/v2\/posts"}],"about":[{"href":"https:\/\/museocasadelaacuarela.cl\/2024\/wp-json\/wp\/v2\/types\/post"}],"author":[{"embeddable":true,"href":"https:\/\/museocasadelaacuarela.cl\/2024\/wp-json\/wp\/v2\/users\/1"}],"replies":[{"embeddable":true,"href":"https:\/\/museocasadelaacuarela.cl\/2024\/wp-json\/wp\/v2\/comments?post=1546"}],"version-history":[{"count":0,"href":"https:\/\/museocasadelaacuarela.cl\/2024\/wp-json\/wp\/v2\/posts\/1546\/revisions"}],"wp:featuredmedia":[{"embeddable":true,"href":"https:\/\/museocasadelaacuarela.cl\/2024\/wp-json\/"}],"wp:attachment":[{"href":"https:\/\/museocasadelaacuarela.cl\/2024\/wp-json\/wp\/v2\/media?parent=1546"}],"wp:term":[{"taxonomy":"category","embeddable":true,"href":"https:\/\/museocasadelaacuarela.cl\/2024\/wp-json\/wp\/v2\/categories?post=1546"},{"taxonomy":"post_tag","embeddable":true,"href":"https:\/\/museocasadelaacuarela.cl\/2024\/wp-json\/wp\/v2\/tags?post=1546"}],"curies":[{"name":"wp","href":"https:\/\/api.w.org\/{rel}","templated":true}]}}