{"id":1495,"date":"2024-06-12T22:36:24","date_gmt":"2024-06-12T22:36:24","guid":{"rendered":"https:\/\/museocasadelaacuarela.cl\/2024\/?p=1495"},"modified":"2024-06-12T22:36:24","modified_gmt":"2024-06-12T22:36:24","slug":"exposicion-las-formas-del-silencio-acuarelas-de-lea-kleiner","status":"publish","type":"post","link":"https:\/\/museocasadelaacuarela.cl\/2024\/proyectos-2022\/exposicion-las-formas-del-silencio-acuarelas-de-lea-kleiner\/","title":{"rendered":"Exposici\u00f3n \u00abLas Formas del Silencio\u00bb.\u00a0Acuarelas de Lea Kleiner."},"content":{"rendered":"\n<figure class=\"wp-block-video\"><video autoplay controls loop muted src=\"https:\/\/museocasadelaacuarela.cl\/wp-content\/uploads\/2017\/03\/lea-kleiner-Mediana.mov\"><\/video><\/figure>\n\n\n\n<p>.<\/p>\n\n\n\n<p class=\"has-medium-font-size\">En esta muestra de la destacada artista nacional, sus acuarelas, fotograf\u00edas y grabados se presentan como una invitaci\u00f3n a acercarnos a lo m\u00e1s \u00edntimo de sus reflexiones creativas en torno al silencio, plasmado con gran maestr\u00eda a trav\u00e9s de cuerpos crom\u00e1ticos di\u00e1fanos y atm\u00f3sferas ef\u00edmeras. (mayo &#8211; junio).\u00a0\u00a0<a href=\"https:\/\/museocasadelaacuarela.cl\/wp-content\/uploads\/2017\/03\/INVITACION-LEA.jpeg\">Ver invitaci\u00f3n<\/a><\/p>\n","protected":false},"excerpt":{"rendered":"<p>. En esta muestra de la destacada artista nacional, sus acuarelas, fotograf\u00edas y grabados se presentan como una invitaci\u00f3n a acercarnos a lo m\u00e1s \u00edntimo de sus reflexiones creativas en torno al silencio, plasmado con gran maestr\u00eda a trav\u00e9s de cuerpos crom\u00e1ticos di\u00e1fanos y atm\u00f3sferas ef\u00edmeras. (mayo &#8211; junio).\u00a0\u00a0Ver invitaci\u00f3n<\/p>\n","protected":false},"author":1,"featured_media":1496,"comment_status":"closed","ping_status":"closed","sticky":false,"template":"","format":"standard","meta":{"_uag_custom_page_level_css":"","footnotes":""},"categories":[22],"tags":[],"class_list":["post-1495","post","type-post","status-publish","format-standard","has-post-thumbnail","hentry","category-proyectos-2022","blog-blocks-layout","blog-style-postblock","","blog-alt-odd"],"uagb_featured_image_src":{"full":false,"thumbnail":false,"medium":false,"medium_large":false,"large":false,"1536x1536":false,"2048x2048":false,"nikkon_blog_img_side":false,"nikkon_blog_img_top":false,"woocommerce_thumbnail":false,"woocommerce_single":false,"woocommerce_gallery_thumbnail":false},"uagb_author_info":{"display_name":"admin","author_link":"https:\/\/museocasadelaacuarela.cl\/2024\/author\/admin\/"},"uagb_comment_info":0,"uagb_excerpt":". En esta muestra de la destacada artista nacional, sus acuarelas, fotograf\u00edas y grabados se presentan como una invitaci\u00f3n a acercarnos a lo m\u00e1s \u00edntimo de sus reflexiones creativas en torno al silencio, plasmado con gran maestr\u00eda a trav\u00e9s de cuerpos crom\u00e1ticos di\u00e1fanos y atm\u00f3sferas ef\u00edmeras. (mayo &#8211; junio).\u00a0\u00a0Ver invitaci\u00f3n","_links":{"self":[{"href":"https:\/\/museocasadelaacuarela.cl\/2024\/wp-json\/wp\/v2\/posts\/1495","targetHints":{"allow":["GET"]}}],"collection":[{"href":"https:\/\/museocasadelaacuarela.cl\/2024\/wp-json\/wp\/v2\/posts"}],"about":[{"href":"https:\/\/museocasadelaacuarela.cl\/2024\/wp-json\/wp\/v2\/types\/post"}],"author":[{"embeddable":true,"href":"https:\/\/museocasadelaacuarela.cl\/2024\/wp-json\/wp\/v2\/users\/1"}],"replies":[{"embeddable":true,"href":"https:\/\/museocasadelaacuarela.cl\/2024\/wp-json\/wp\/v2\/comments?post=1495"}],"version-history":[{"count":0,"href":"https:\/\/museocasadelaacuarela.cl\/2024\/wp-json\/wp\/v2\/posts\/1495\/revisions"}],"wp:featuredmedia":[{"embeddable":true,"href":"https:\/\/museocasadelaacuarela.cl\/2024\/wp-json\/"}],"wp:attachment":[{"href":"https:\/\/museocasadelaacuarela.cl\/2024\/wp-json\/wp\/v2\/media?parent=1495"}],"wp:term":[{"taxonomy":"category","embeddable":true,"href":"https:\/\/museocasadelaacuarela.cl\/2024\/wp-json\/wp\/v2\/categories?post=1495"},{"taxonomy":"post_tag","embeddable":true,"href":"https:\/\/museocasadelaacuarela.cl\/2024\/wp-json\/wp\/v2\/tags?post=1495"}],"curies":[{"name":"wp","href":"https:\/\/api.w.org\/{rel}","templated":true}]}}