{"id":1443,"date":"2024-06-12T18:34:52","date_gmt":"2024-06-12T18:34:52","guid":{"rendered":"https:\/\/museocasadelaacuarela.cl\/2024\/?p=1443"},"modified":"2024-06-12T18:34:52","modified_gmt":"2024-06-12T18:34:52","slug":"exposicion-glaciers-le-regard-de-leau","status":"publish","type":"post","link":"https:\/\/museocasadelaacuarela.cl\/2024\/post\/exposicion-glaciers-le-regard-de-leau\/","title":{"rendered":"Exposici\u00f3n \u00abGlaciers, le regard de l\u00b4eau\u00bb"},"content":{"rendered":"\n<p class=\"has-medium-font-size\">Exposici\u00f3n \u00ab<strong>Glaciers, le regard de l\u00b4eau\u00bb.<\/strong> exhibici\u00f3n en la celebraci\u00f3n de la semana de Am\u00e9rica Latina y el Caribe en Unesco, Francia.\u00a0<a href=\"https:\/\/www.facebook.com\/story.php?story_fbid=pfbid0CGaCJQd1EWRdtxwE2CTo5tYfS9Xipa3o46DLTr6aJvySVCvumn16g7Bu6jbmEcdFl&amp;id=100000791401418&amp;sfnsn=scwspmo&amp;paipv=0&amp;eav=AfZUor15xWqB3rnstfoV2ydvUC-Idmf96K7bVZmsKTT16uPbdZ-BnR50Bk30gLBAJvM&amp;_rdr\">difusi\u00f3n en Facebook<\/a> \/\u00a0<a href=\"https:\/\/madmagz.com\/fr\/magazine\/2063107#\/\">REVUE REF<\/a> p\u00e1g. 18<\/p>\n\n\n<p><iframe loading=\"lazy\" src=\"https:\/\/madmagz.com\/fr\/magazine\/embed\/2063107?layout=2\" width=\"900\" height=\"616\" scrolling=\"no\" frameborder=\"0\" allowfullscreen><\/iframe><\/p>\n<p>Magazine cr\u00e9\u00e9 avec <a href=\"\/\/madmagz.com\/fr?utm_source=publisher&amp;utm_medium=embed&amp;utm_campaign=viewer\">Madmagz<\/a>.<\/p>\n\n\n\n<hr class=\"wp-block-separator has-alpha-channel-opacity\"\/>\n\n\n<div class=\"wp-block-image\">\n<figure class=\"aligncenter size-large is-resized\"><img loading=\"lazy\" decoding=\"async\" width=\"699\" height=\"1024\" src=\"https:\/\/museocasadelaacuarela.cl\/2024\/wp-content\/uploads\/2024\/03\/image-5-699x1024.png\" alt=\"\" class=\"wp-image-784\" style=\"width:417px;height:auto\" srcset=\"https:\/\/museocasadelaacuarela.cl\/2024\/wp-content\/uploads\/2024\/03\/image-5-699x1024.png 699w, https:\/\/museocasadelaacuarela.cl\/2024\/wp-content\/uploads\/2024\/03\/image-5-600x880.png 600w, https:\/\/museocasadelaacuarela.cl\/2024\/wp-content\/uploads\/2024\/03\/image-5-205x300.png 205w, https:\/\/museocasadelaacuarela.cl\/2024\/wp-content\/uploads\/2024\/03\/image-5-768x1126.png 768w, https:\/\/museocasadelaacuarela.cl\/2024\/wp-content\/uploads\/2024\/03\/image-5-1048x1536.png 1048w, https:\/\/museocasadelaacuarela.cl\/2024\/wp-content\/uploads\/2024\/03\/image-5.png 1397w\" sizes=\"auto, (max-width: 699px) 100vw, 699px\" \/><\/figure>\n<\/div>","protected":false},"excerpt":{"rendered":"<p>Exposici\u00f3n \u00abGlaciers, le regard de l\u00b4eau\u00bb. exhibici\u00f3n en la celebraci\u00f3n de la semana de Am\u00e9rica Latina y el Caribe en Unesco, Francia.\u00a0difusi\u00f3n en Facebook \/\u00a0REVUE REF p\u00e1g. 18<\/p>\n","protected":false},"author":1,"featured_media":784,"comment_status":"closed","ping_status":"closed","sticky":false,"template":"","format":"standard","meta":{"_uag_custom_page_level_css":"","footnotes":""},"categories":[12,15,23],"tags":[],"class_list":["post-1443","post","type-post","status-publish","format-standard","has-post-thumbnail","hentry","category-post","category-proyectos","category-proyectos-2023","blog-blocks-layout","blog-style-postblock","","blog-alt-odd"],"uagb_featured_image_src":{"full":["https:\/\/museocasadelaacuarela.cl\/2024\/wp-content\/uploads\/2024\/03\/image-5.png",1397,2048,false],"thumbnail":["https:\/\/museocasadelaacuarela.cl\/2024\/wp-content\/uploads\/2024\/03\/image-5-150x150.png",150,150,true],"medium":["https:\/\/museocasadelaacuarela.cl\/2024\/wp-content\/uploads\/2024\/03\/image-5-205x300.png",205,300,true],"medium_large":["https:\/\/museocasadelaacuarela.cl\/2024\/wp-content\/uploads\/2024\/03\/image-5-768x1126.png",768,1126,true],"large":["https:\/\/museocasadelaacuarela.cl\/2024\/wp-content\/uploads\/2024\/03\/image-5-699x1024.png",699,1024,true],"1536x1536":["https:\/\/museocasadelaacuarela.cl\/2024\/wp-content\/uploads\/2024\/03\/image-5-1048x1536.png",1048,1536,true],"2048x2048":["https:\/\/museocasadelaacuarela.cl\/2024\/wp-content\/uploads\/2024\/03\/image-5.png",1397,2048,false],"nikkon_blog_img_side":["https:\/\/museocasadelaacuarela.cl\/2024\/wp-content\/uploads\/2024\/03\/image-5.png",259,380,false],"nikkon_blog_img_top":["https:\/\/museocasadelaacuarela.cl\/2024\/wp-content\/uploads\/2024\/03\/image-5.png",300,440,false],"woocommerce_thumbnail":["https:\/\/museocasadelaacuarela.cl\/2024\/wp-content\/uploads\/2024\/03\/image-5-300x300.png",300,300,true],"woocommerce_single":["https:\/\/museocasadelaacuarela.cl\/2024\/wp-content\/uploads\/2024\/03\/image-5-600x880.png",600,880,true],"woocommerce_gallery_thumbnail":["https:\/\/museocasadelaacuarela.cl\/2024\/wp-content\/uploads\/2024\/03\/image-5-100x100.png",100,100,true]},"uagb_author_info":{"display_name":"admin","author_link":"https:\/\/museocasadelaacuarela.cl\/2024\/author\/admin\/"},"uagb_comment_info":0,"uagb_excerpt":"Exposici\u00f3n \u00abGlaciers, le regard de l\u00b4eau\u00bb. exhibici\u00f3n en la celebraci\u00f3n de la semana de Am\u00e9rica Latina y el Caribe en Unesco, Francia.\u00a0difusi\u00f3n en Facebook \/\u00a0REVUE REF p\u00e1g. 18","_links":{"self":[{"href":"https:\/\/museocasadelaacuarela.cl\/2024\/wp-json\/wp\/v2\/posts\/1443","targetHints":{"allow":["GET"]}}],"collection":[{"href":"https:\/\/museocasadelaacuarela.cl\/2024\/wp-json\/wp\/v2\/posts"}],"about":[{"href":"https:\/\/museocasadelaacuarela.cl\/2024\/wp-json\/wp\/v2\/types\/post"}],"author":[{"embeddable":true,"href":"https:\/\/museocasadelaacuarela.cl\/2024\/wp-json\/wp\/v2\/users\/1"}],"replies":[{"embeddable":true,"href":"https:\/\/museocasadelaacuarela.cl\/2024\/wp-json\/wp\/v2\/comments?post=1443"}],"version-history":[{"count":0,"href":"https:\/\/museocasadelaacuarela.cl\/2024\/wp-json\/wp\/v2\/posts\/1443\/revisions"}],"wp:featuredmedia":[{"embeddable":true,"href":"https:\/\/museocasadelaacuarela.cl\/2024\/wp-json\/wp\/v2\/media\/784"}],"wp:attachment":[{"href":"https:\/\/museocasadelaacuarela.cl\/2024\/wp-json\/wp\/v2\/media?parent=1443"}],"wp:term":[{"taxonomy":"category","embeddable":true,"href":"https:\/\/museocasadelaacuarela.cl\/2024\/wp-json\/wp\/v2\/categories?post=1443"},{"taxonomy":"post_tag","embeddable":true,"href":"https:\/\/museocasadelaacuarela.cl\/2024\/wp-json\/wp\/v2\/tags?post=1443"}],"curies":[{"name":"wp","href":"https:\/\/api.w.org\/{rel}","templated":true}]}}