{"id":1214,"date":"2024-04-15T22:41:49","date_gmt":"2024-04-15T22:41:49","guid":{"rendered":"https:\/\/museocasadelaacuarela.cl\/2024\/?p=1214"},"modified":"2024-04-15T22:41:49","modified_gmt":"2024-04-15T22:41:49","slug":"taller-de-acuarela-para-ninas-y-ninos-2","status":"publish","type":"post","link":"https:\/\/museocasadelaacuarela.cl\/2024\/homepage\/taller-de-acuarela-para-ninas-y-ninos-2\/","title":{"rendered":"Taller de acuarela para ni\u00f1as y ni\u00f1os"},"content":{"rendered":"\n<p class=\"has-medium-font-size\">El pasado s\u00e1bado 6 de abril realizamos el taller gratuito para 25 ni\u00f1os y ni\u00f1as en la Fundaci\u00f3n. Agradecemos a todos los que participaron y esperamos realizar un segundo taller en el segundo semestre de este a\u00f1o.<\/p>\n\n\n<div class=\"wp-block-image\">\n<figure class=\"aligncenter size-large\"><img loading=\"lazy\" decoding=\"async\" width=\"819\" height=\"1024\" src=\"https:\/\/museocasadelaacuarela.cl\/2024\/wp-content\/uploads\/2024\/04\/Taller-de-acuarela-para-ninos-2-819x1024.jpg\" alt=\"\" class=\"wp-image-1130\" srcset=\"https:\/\/museocasadelaacuarela.cl\/2024\/wp-content\/uploads\/2024\/04\/Taller-de-acuarela-para-ninos-2-819x1024.jpg 819w, https:\/\/museocasadelaacuarela.cl\/2024\/wp-content\/uploads\/2024\/04\/Taller-de-acuarela-para-ninos-2-600x750.jpg 600w, https:\/\/museocasadelaacuarela.cl\/2024\/wp-content\/uploads\/2024\/04\/Taller-de-acuarela-para-ninos-2-240x300.jpg 240w, https:\/\/museocasadelaacuarela.cl\/2024\/wp-content\/uploads\/2024\/04\/Taller-de-acuarela-para-ninos-2-768x960.jpg 768w, https:\/\/museocasadelaacuarela.cl\/2024\/wp-content\/uploads\/2024\/04\/Taller-de-acuarela-para-ninos-2.jpg 1080w\" sizes=\"auto, (max-width: 819px) 100vw, 819px\" \/><\/figure>\n<\/div>","protected":false},"excerpt":{"rendered":"<p>El pasado s\u00e1bado 6 de abril realizamos el taller gratuito para 25 ni\u00f1os y ni\u00f1as en la Fundaci\u00f3n. Agradecemos a todos los que participaron y esperamos realizar un segundo taller en el segundo semestre de este a\u00f1o.<\/p>\n","protected":false},"author":1,"featured_media":1220,"comment_status":"closed","ping_status":"closed","sticky":false,"template":"","format":"standard","meta":{"_uag_custom_page_level_css":"","footnotes":""},"categories":[7,12,28],"tags":[],"class_list":["post-1214","post","type-post","status-publish","format-standard","has-post-thumbnail","hentry","category-homepage","category-post","category-talleres","blog-blocks-layout","blog-style-postblock","","blog-alt-odd"],"uagb_featured_image_src":{"full":false,"thumbnail":false,"medium":false,"medium_large":false,"large":false,"1536x1536":false,"2048x2048":false,"nikkon_blog_img_side":false,"nikkon_blog_img_top":false,"woocommerce_thumbnail":false,"woocommerce_single":false,"woocommerce_gallery_thumbnail":false},"uagb_author_info":{"display_name":"admin","author_link":"https:\/\/museocasadelaacuarela.cl\/2024\/author\/admin\/"},"uagb_comment_info":0,"uagb_excerpt":"El pasado s\u00e1bado 6 de abril realizamos el taller gratuito para 25 ni\u00f1os y ni\u00f1as en la Fundaci\u00f3n. Agradecemos a todos los que participaron y esperamos realizar un segundo taller en el segundo semestre de este a\u00f1o.","_links":{"self":[{"href":"https:\/\/museocasadelaacuarela.cl\/2024\/wp-json\/wp\/v2\/posts\/1214","targetHints":{"allow":["GET"]}}],"collection":[{"href":"https:\/\/museocasadelaacuarela.cl\/2024\/wp-json\/wp\/v2\/posts"}],"about":[{"href":"https:\/\/museocasadelaacuarela.cl\/2024\/wp-json\/wp\/v2\/types\/post"}],"author":[{"embeddable":true,"href":"https:\/\/museocasadelaacuarela.cl\/2024\/wp-json\/wp\/v2\/users\/1"}],"replies":[{"embeddable":true,"href":"https:\/\/museocasadelaacuarela.cl\/2024\/wp-json\/wp\/v2\/comments?post=1214"}],"version-history":[{"count":0,"href":"https:\/\/museocasadelaacuarela.cl\/2024\/wp-json\/wp\/v2\/posts\/1214\/revisions"}],"wp:featuredmedia":[{"embeddable":true,"href":"https:\/\/museocasadelaacuarela.cl\/2024\/wp-json\/"}],"wp:attachment":[{"href":"https:\/\/museocasadelaacuarela.cl\/2024\/wp-json\/wp\/v2\/media?parent=1214"}],"wp:term":[{"taxonomy":"category","embeddable":true,"href":"https:\/\/museocasadelaacuarela.cl\/2024\/wp-json\/wp\/v2\/categories?post=1214"},{"taxonomy":"post_tag","embeddable":true,"href":"https:\/\/museocasadelaacuarela.cl\/2024\/wp-json\/wp\/v2\/tags?post=1214"}],"curies":[{"name":"wp","href":"https:\/\/api.w.org\/{rel}","templated":true}]}}